{"id":1237,"date":"2019-09-13T13:47:17","date_gmt":"2019-09-13T11:47:17","guid":{"rendered":"https:\/\/lesmartsitting.fr\/blog\/?p=1237"},"modified":"2020-01-14T15:17:34","modified_gmt":"2020-01-14T14:17:34","slug":"pollution-de-l-air-et-les-enfants","status":"publish","type":"post","link":"https:\/\/lesmartsitting.fr\/blog\/pollution-de-l-air-et-les-enfants\/","title":{"rendered":"Pollution de l&rsquo;air : les enfants, les premiers touch\u00e9s"},"content":{"rendered":"\n<p>La pollution de l\u2019air en ville et parfois \u00e0 la campagne, est un r\u00e9el fl\u00e9au. Quel est l&rsquo;impact de la pollution de l&rsquo;air sur les enfants ? Comment prot\u00e9ger les enfants ? Petite remise en situation.<\/p>\n\n\n\n<h2 class=\"wp-block-heading\">La pollution de l&rsquo;air touche plus les enfants :<\/h2>\n\n\n\n<p>\u201cLa pollution de l\u2019air est le nouveau tabac\u201d, souligne le directeur g\u00e9n\u00e9ral de l&rsquo;Organisation mondiale de la sant\u00e9 (OMS), Tedros Adhanom Ghebreyesus, sur le site de l&rsquo;organisation. En effet, d\u2019apr\u00e8s un rapport publi\u00e9, pr\u00e8s de 93% des enfants de moins de 15 ans dans le monde (soit 1,8 milliard d&rsquo;enfants) respirent un air pollu\u00e9. Ainsi, il est si pollu\u00e9 qu&rsquo;il peut mettre en danger leur sant\u00e9 et leur d\u00e9veloppement.<\/p>\n\n\n\n<p>Ensuite, une autre \u00e9tude publi\u00e9e en octobre 2018 et r\u00e9alis\u00e9e par une l\u2019ONG allemande, <a href=\"https:\/\/www.duh.de\/englisch\/#c64063\">Deutsche Umwelthilfe<\/a>, r\u00e9v\u00e8le que les enfants seraient 37% plus atteint par la pollution de l\u2019air que les adultes. Pourquoi ? Une raison simple : la concentration de polluants est tr\u00e8s forte vers le sol. Et pourtant, les enfants sont \u00e0 une p\u00e9riode de leur vie o\u00f9 un bon environnement est essentiel pour le d\u00e9veloppement de leur cerveau et de leur corps. De plus, ces expositions r\u00e9p\u00e9t\u00e9es peuvent engendrer des infections aigu\u00ebs des voies respiratoires. Par cons\u00e9quent, des maladies chroniques comme les maladies cardiovasculaires.<\/p>\n\n\n\n<p>Toutefois, lorsque l&rsquo;on parle de pollution de l&rsquo;air on ne parle pas que de l&rsquo;air ext\u00e9rieur. Au contraire, les appartements ou maisons peuvent \u00eatre autant, voire plus toxiques que dehors.<\/p>\n\n\n\n<figure class=\"wp-block-embed-youtube aligncenter wp-block-embed is-type-video is-provider-youtube wp-embed-aspect-16-9 wp-has-aspect-ratio alt=\"><div class=\"wp-block-embed__wrapper\">\nhttps:\/\/www.youtube.com\/watch?v=ygHU0mQGuJU&#038;t=2s\n<\/div><figcaption><em>\u00ab\u00a0The Indoor Generation\u00a0\u00bb par Velux. Vid\u00e9o sur la pollution lumineuse et de l&rsquo;air int\u00e9rieur, et ses cons\u00e9quences.<\/em><\/figcaption><\/figure>\n\n\n\n<p>Ainsi en nous enfermant, des maladies, des allergies, des difficult\u00e9s respiratoires peuvent se d\u00e9velopper. Les chambres d\u2019enfants sont souvent les pi\u00e8ces les plus expos\u00e9es aux toxines ou produits toxiques, principalement \u00e0 cause des&nbsp; jouets.<\/p>\n\n\n\n<p>Alors face \u00e0 cet \u00e9tat des lieux assez pr\u00e9occupant, que faire pour am\u00e9liorer notre qualit\u00e9 de vie, tant int\u00e9rieur qu\u2019ext\u00e9rieur ?<\/p>\n\n\n\n<h2 class=\"wp-block-heading\">Les solutions contre la pollution de l&rsquo;air<\/h2>\n\n\n\n<h3 class=\"wp-block-heading\">Les solutions pour l&rsquo;int\u00e9rieur :<\/h3>\n\n\n\n<p>Pour commencer, plusieurs solutions s\u2019offrent \u00e0 vous afin de restaurer un bon environnement int\u00e9rieur :<\/p>\n\n\n\n<ul class=\"wp-block-list\"><li>Une solution tr\u00e8s simple : ouvrir deux \u00e0 trois fois dans la journ\u00e9e, le maximum de fen\u00eatres, pendant au moins 15 minutes afin de renouveler l\u2019air. Cette action, permet alors de dissiper certains gazs, particules ou d\u00e9chets biologiques.<\/li><li>Ensuite nettoyez et a\u00e9rez vos tapis.<\/li><li>Ne fumez pas en int\u00e9rieur.<\/li><li>Limitez l\u2019utilisation des bougies, m\u00eame si l&rsquo;odeur peut \u00eatre agr\u00e9able.<\/li><li>\u00c9vitez \u00e9galement de faire s\u00e9cher votre linge en int\u00e9rieur pour emp\u00eacher la cr\u00e9ation de vapeur d\u2019eau, qui ainsi, favorise les moisissures nocives et augmente le taux d\u2019humidit\u00e9.<\/li><li>De plus, \u00e9vitez l\u2019utilisation d\u2019a\u00e9rosols en tout genre, qui peuvent alourdir l\u2019atmosph\u00e8re ambiante.<\/li><li>Pour finir, la nature est l\u00e0 pour nous aider. En effet, en plus d\u2019\u00eatre jolies, de nombreuses plantes sont d\u00e9polluantes. Comme la foug\u00e8re de Boston, le figuier pleureur ou encore le palmier bambou. Renseignez-vous aupr\u00e8s de votre fleuriste ou sur des sites comme <a href=\"https:\/\/www.rustica.fr\/articles-jardin\/24-plantes-depolluantes-qui-ameliorent-votre-maison,2136.html\">Rustica<\/a>.<\/li><\/ul>\n\n\n\n<h3 class=\"wp-block-heading\">Les solutions pour l&rsquo;ext\u00e9rieur :<\/h3>\n\n\n\n<p>Par la suite, pour l\u2019ext\u00e9rieur, que pouvons faire ? Tout d&rsquo;abord, vous pouvez <a href=\"https:\/\/lesmartsitting.fr\/blog\/les-enfants-en-ville\/\">composer avec la ville<\/a> pour garder un lien de nature. Les arbres absorbent le CO2 et certaines plantes d\u2019autres gazs. Alors pourquoi ne pas s\u2019en rapprocher ? En ce sens, de nombreuses villes offrent un choix de parcs ou de jardins assez larges. Alors amis parisiens, n\u2019h\u00e9sitez pas \u00e0 vous aventurer au bout d\u2019un RER, pour vous promener dans les for\u00eats environnantes. De fait, beaucoup d\u2019entre elles proposent des sentiers \u00e0 faire en famille, et parfois organisent des ateliers ou animations. De plus, de nombreuses applications de sorties existent et proposent r\u00e9guli\u00e8rement des activit\u00e9s autour de la nature. <a href=\"https:\/\/lesmartsitting.fr\/blog\/sorties-en-famille-a-paris\/\">Suivez le guide<\/a> !<\/p>\n\n\n\n<p>Pour les parents, privil\u00e9giez les trajets en transports en commun ou \u00e0 v\u00e9lo. Petit conseil, si vous utilisez le v\u00e9lo, la moto ou encore le scooter, prot\u00e9gez votre enfant avec un masque ou un foulard, afin de limiter l\u2019inhalation des gazs \u00e9mis par les v\u00e9hicules divers. De plus, dans les grandes villes, lors des jours de forte pollution, il est fortement recommand\u00e9 d\u2019adapter les activit\u00e9s de l\u2019enfant, en pr\u00e9conisant des sorties matinales. Finalement, \u00e9vitez au maximum les lieux \u00e0 forte concentration toxiques : grands axes routiers, zones industrielles,&#8230;<\/p>\n\n\n\n<h2 class=\"wp-block-heading\">Pour conclure&#8230;<\/h2>\n\n\n\n<p>En r\u00e9sum\u00e9, soyez conscients des risques de la pollution sur notre sant\u00e9 et sensibilisez les plus jeunes. Adoptez quelques gestes simples pour renouveler l&rsquo;air et pr\u00e9voyez sans mod\u00e9ration des balades en pleine nature, au grand air.<\/p>\n\n\n\n<p>N\u2019h\u00e9sitez pas \u00e0 vous rendre sur le site de \u201c<a href=\"https:\/\/www.velux.fr\/indoorgeneration\">The Indoor Generation<\/a>\u201d afin d\u2019en savoir plus sur les\nprobl\u00e8mes li\u00e9s \u00e0 un int\u00e9rieur pollu\u00e9 et comment l\u2019assainir. Retrouvez \u00e9galement\nles recommandations du minist\u00e8re de la sant\u00e9, sur leur <a href=\"https:\/\/solidarites-sante.gouv.fr\/sante-et-environnement\/air-exterieur\/qualite-de-l-air-exterieur-10984\/article\/recommandations-en-cas-d-episode-de-pollution-aux-particules\">site<\/a>, en cas de pic de pollution. <\/p>\n","protected":false},"excerpt":{"rendered":"<p>La pollution de l\u2019air en ville et parfois \u00e0 la  [&#8230;]<\/p>\n","protected":false},"author":1,"featured_media":1240,"comment_status":"open","ping_status":"open","sticky":false,"template":"","format":"standard","meta":{"_exactmetrics_skip_tracking":false,"_exactmetrics_sitenote_active":false,"_exactmetrics_sitenote_note":"","_exactmetrics_sitenote_category":0,"footnotes":""},"categories":[9],"tags":[],"class_list":["post-1237","post","type-post","status-publish","format-standard","has-post-thumbnail","hentry","category-parent-bienveillant"],"yoast_head":"<!-- This site is optimized with the Yoast SEO plugin v27.5 - https:\/\/yoast.com\/product\/yoast-seo-wordpress\/ -->\n<title>Pollution de l&#039;air : les enfants, les premiers touch\u00e9s | Le blog du babysitting<\/title>\n<meta name=\"description\" content=\"Pollution de l air en ville est un r\u00e9el fl\u00e9au. Quel est l&#039;impact de la pollution de l air sur les enfants ? Comment prot\u00e9ger les enfants ?\" \/>\n<meta name=\"robots\" content=\"index, follow, max-snippet:-1, max-image-preview:large, max-video-preview:-1\" \/>\n<link rel=\"canonical\" href=\"https:\/\/lesmartsitting.fr\/blog\/pollution-de-l-air-et-les-enfants\/\" \/>\n<meta property=\"og:locale\" content=\"fr_FR\" \/>\n<meta property=\"og:type\" content=\"article\" \/>\n<meta property=\"og:title\" content=\"Pollution de l&#039;air : les enfants, les premiers touch\u00e9s | Le blog du babysitting\" \/>\n<meta property=\"og:description\" content=\"Pollution de l air en ville est un r\u00e9el fl\u00e9au. Quel est l&#039;impact de la pollution de l air sur les enfants ? Comment prot\u00e9ger les enfants ?\" \/>\n<meta property=\"og:url\" content=\"https:\/\/lesmartsitting.fr\/blog\/pollution-de-l-air-et-les-enfants\/\" \/>\n<meta property=\"og:site_name\" content=\"Le blog du babysitting\" \/>\n<meta property=\"article:author\" content=\"https:\/\/www.facebook.com\/lesmartsitting\/\" \/>\n<meta property=\"article:published_time\" content=\"2019-09-13T11:47:17+00:00\" \/>\n<meta property=\"article:modified_time\" content=\"2020-01-14T14:17:34+00:00\" \/>\n<meta property=\"og:image\" content=\"https:\/\/lesmartsitting.fr\/blog\/wp-content\/uploads\/2019\/09\/pollution-de-lair-enfants-premi\u00e8res-victimes.jpg\" \/>\n\t<meta property=\"og:image:width\" content=\"3024\" \/>\n\t<meta property=\"og:image:height\" content=\"2016\" \/>\n\t<meta property=\"og:image:type\" content=\"image\/jpeg\" \/>\n<meta name=\"author\" content=\"Le Smartsitting\" \/>\n<meta name=\"twitter:card\" content=\"summary_large_image\" \/>\n<meta name=\"twitter:creator\" content=\"@https:\/\/twitter.com\/LeSmartsitting\" \/>\n<meta name=\"twitter:label1\" content=\"\u00c9crit par\" \/>\n\t<meta name=\"twitter:data1\" content=\"Le Smartsitting\" \/>\n\t<meta name=\"twitter:label2\" content=\"Dur\u00e9e de lecture estim\u00e9e\" \/>\n\t<meta name=\"twitter:data2\" content=\"4 minutes\" \/>\n<script type=\"application\/ld+json\" class=\"yoast-schema-graph\">{\"@context\":\"https:\\\/\\\/schema.org\",\"@graph\":[{\"@type\":\"Article\",\"@id\":\"https:\\\/\\\/lesmartsitting.fr\\\/blog\\\/pollution-de-l-air-et-les-enfants\\\/#article\",\"isPartOf\":{\"@id\":\"https:\\\/\\\/lesmartsitting.fr\\\/blog\\\/pollution-de-l-air-et-les-enfants\\\/\"},\"author\":{\"name\":\"Le Smartsitting\",\"@id\":\"https:\\\/\\\/lesmartsitting.fr\\\/blog\\\/#\\\/schema\\\/person\\\/d41a9461f2d255bddef49f025f963d15\"},\"headline\":\"Pollution de l&rsquo;air : les enfants, les premiers touch\u00e9s\",\"datePublished\":\"2019-09-13T11:47:17+00:00\",\"dateModified\":\"2020-01-14T14:17:34+00:00\",\"mainEntityOfPage\":{\"@id\":\"https:\\\/\\\/lesmartsitting.fr\\\/blog\\\/pollution-de-l-air-et-les-enfants\\\/\"},\"wordCount\":883,\"commentCount\":1,\"publisher\":{\"@id\":\"https:\\\/\\\/lesmartsitting.fr\\\/blog\\\/#organization\"},\"image\":{\"@id\":\"https:\\\/\\\/lesmartsitting.fr\\\/blog\\\/pollution-de-l-air-et-les-enfants\\\/#primaryimage\"},\"thumbnailUrl\":\"https:\\\/\\\/lesmartsitting.fr\\\/blog\\\/wp-content\\\/uploads\\\/2019\\\/09\\\/pollution-de-lair-enfants-premi\u00e8res-victimes.jpg\",\"articleSection\":[\"Parent bienveillant\"],\"inLanguage\":\"fr-FR\",\"potentialAction\":[{\"@type\":\"CommentAction\",\"name\":\"Comment\",\"target\":[\"https:\\\/\\\/lesmartsitting.fr\\\/blog\\\/pollution-de-l-air-et-les-enfants\\\/#respond\"]}]},{\"@type\":\"WebPage\",\"@id\":\"https:\\\/\\\/lesmartsitting.fr\\\/blog\\\/pollution-de-l-air-et-les-enfants\\\/\",\"url\":\"https:\\\/\\\/lesmartsitting.fr\\\/blog\\\/pollution-de-l-air-et-les-enfants\\\/\",\"name\":\"Pollution de l'air : les enfants, les premiers touch\u00e9s | Le blog du babysitting\",\"isPartOf\":{\"@id\":\"https:\\\/\\\/lesmartsitting.fr\\\/blog\\\/#website\"},\"primaryImageOfPage\":{\"@id\":\"https:\\\/\\\/lesmartsitting.fr\\\/blog\\\/pollution-de-l-air-et-les-enfants\\\/#primaryimage\"},\"image\":{\"@id\":\"https:\\\/\\\/lesmartsitting.fr\\\/blog\\\/pollution-de-l-air-et-les-enfants\\\/#primaryimage\"},\"thumbnailUrl\":\"https:\\\/\\\/lesmartsitting.fr\\\/blog\\\/wp-content\\\/uploads\\\/2019\\\/09\\\/pollution-de-lair-enfants-premi\u00e8res-victimes.jpg\",\"datePublished\":\"2019-09-13T11:47:17+00:00\",\"dateModified\":\"2020-01-14T14:17:34+00:00\",\"description\":\"Pollution de l air en ville est un r\u00e9el fl\u00e9au. Quel est l'impact de la pollution de l air sur les enfants ? Comment prot\u00e9ger les enfants ?\",\"breadcrumb\":{\"@id\":\"https:\\\/\\\/lesmartsitting.fr\\\/blog\\\/pollution-de-l-air-et-les-enfants\\\/#breadcrumb\"},\"inLanguage\":\"fr-FR\",\"potentialAction\":[{\"@type\":\"ReadAction\",\"target\":[\"https:\\\/\\\/lesmartsitting.fr\\\/blog\\\/pollution-de-l-air-et-les-enfants\\\/\"]}]},{\"@type\":\"ImageObject\",\"inLanguage\":\"fr-FR\",\"@id\":\"https:\\\/\\\/lesmartsitting.fr\\\/blog\\\/pollution-de-l-air-et-les-enfants\\\/#primaryimage\",\"url\":\"https:\\\/\\\/lesmartsitting.fr\\\/blog\\\/wp-content\\\/uploads\\\/2019\\\/09\\\/pollution-de-lair-enfants-premi\u00e8res-victimes.jpg\",\"contentUrl\":\"https:\\\/\\\/lesmartsitting.fr\\\/blog\\\/wp-content\\\/uploads\\\/2019\\\/09\\\/pollution-de-lair-enfants-premi\u00e8res-victimes.jpg\",\"width\":3024,\"height\":2016,\"caption\":\"pollution de l'air enfants premi\u00e8res victimes\"},{\"@type\":\"BreadcrumbList\",\"@id\":\"https:\\\/\\\/lesmartsitting.fr\\\/blog\\\/pollution-de-l-air-et-les-enfants\\\/#breadcrumb\",\"itemListElement\":[{\"@type\":\"ListItem\",\"position\":1,\"name\":\"Accueil\",\"item\":\"https:\\\/\\\/lesmartsitting.fr\\\/blog\\\/\"},{\"@type\":\"ListItem\",\"position\":2,\"name\":\"Pollution de l&rsquo;air : les enfants, les premiers touch\u00e9s\"}]},{\"@type\":\"WebSite\",\"@id\":\"https:\\\/\\\/lesmartsitting.fr\\\/blog\\\/#website\",\"url\":\"https:\\\/\\\/lesmartsitting.fr\\\/blog\\\/\",\"name\":\"Le blog du babysitting\",\"description\":\"Le lien pour tout savoir sur les jobs \u00e9tudiants\",\"publisher\":{\"@id\":\"https:\\\/\\\/lesmartsitting.fr\\\/blog\\\/#organization\"},\"potentialAction\":[{\"@type\":\"SearchAction\",\"target\":{\"@type\":\"EntryPoint\",\"urlTemplate\":\"https:\\\/\\\/lesmartsitting.fr\\\/blog\\\/?s={search_term_string}\"},\"query-input\":{\"@type\":\"PropertyValueSpecification\",\"valueRequired\":true,\"valueName\":\"search_term_string\"}}],\"inLanguage\":\"fr-FR\"},{\"@type\":\"Organization\",\"@id\":\"https:\\\/\\\/lesmartsitting.fr\\\/blog\\\/#organization\",\"name\":\"Le Smartsitting\",\"url\":\"https:\\\/\\\/lesmartsitting.fr\\\/blog\\\/\",\"logo\":{\"@type\":\"ImageObject\",\"inLanguage\":\"fr-FR\",\"@id\":\"https:\\\/\\\/lesmartsitting.fr\\\/blog\\\/#\\\/schema\\\/logo\\\/image\\\/\",\"url\":\"https:\\\/\\\/lesmartsitting.fr\\\/blog\\\/wp-content\\\/uploads\\\/2022\\\/03\\\/logo-petit.jpg\",\"contentUrl\":\"https:\\\/\\\/lesmartsitting.fr\\\/blog\\\/wp-content\\\/uploads\\\/2022\\\/03\\\/logo-petit.jpg\",\"width\":149,\"height\":116,\"caption\":\"Le Smartsitting\"},\"image\":{\"@id\":\"https:\\\/\\\/lesmartsitting.fr\\\/blog\\\/#\\\/schema\\\/logo\\\/image\\\/\"}},{\"@type\":\"Person\",\"@id\":\"https:\\\/\\\/lesmartsitting.fr\\\/blog\\\/#\\\/schema\\\/person\\\/d41a9461f2d255bddef49f025f963d15\",\"name\":\"Le Smartsitting\",\"image\":{\"@type\":\"ImageObject\",\"inLanguage\":\"fr-FR\",\"@id\":\"https:\\\/\\\/secure.gravatar.com\\\/avatar\\\/f2f8957f1d57529cc07b81220126f25ee6029701b9703dc625b3be6acca90c9d?s=96&d=mm&r=g\",\"url\":\"https:\\\/\\\/secure.gravatar.com\\\/avatar\\\/f2f8957f1d57529cc07b81220126f25ee6029701b9703dc625b3be6acca90c9d?s=96&d=mm&r=g\",\"contentUrl\":\"https:\\\/\\\/secure.gravatar.com\\\/avatar\\\/f2f8957f1d57529cc07b81220126f25ee6029701b9703dc625b3be6acca90c9d?s=96&d=mm&r=g\",\"caption\":\"Le Smartsitting\"},\"sameAs\":[\"https:\\\/\\\/lesmartsitting.fr\\\/\",\"https:\\\/\\\/www.facebook.com\\\/lesmartsitting\\\/\",\"https:\\\/\\\/www.instagram.com\\\/lesmartsitting\\\/\",\"https:\\\/\\\/www.pinterest.fr\\\/elesmartsitting\\\/boards\\\/\",\"https:\\\/\\\/x.com\\\/https:\\\/\\\/twitter.com\\\/LeSmartsitting\",\"https:\\\/\\\/www.youtube.com\\\/channel\\\/UC6kMJHohW6816RXI8n7kvzQ\\\/\"],\"url\":\"https:\\\/\\\/lesmartsitting.fr\\\/blog\\\/author\\\/le-smartsitting\\\/\"}]}<\/script>\n<!-- \/ Yoast SEO plugin. -->","yoast_head_json":{"title":"Pollution de l'air : les enfants, les premiers touch\u00e9s | Le blog du babysitting","description":"Pollution de l air en ville est un r\u00e9el fl\u00e9au. Quel est l'impact de la pollution de l air sur les enfants ? Comment prot\u00e9ger les enfants ?","robots":{"index":"index","follow":"follow","max-snippet":"max-snippet:-1","max-image-preview":"max-image-preview:large","max-video-preview":"max-video-preview:-1"},"canonical":"https:\/\/lesmartsitting.fr\/blog\/pollution-de-l-air-et-les-enfants\/","og_locale":"fr_FR","og_type":"article","og_title":"Pollution de l'air : les enfants, les premiers touch\u00e9s | Le blog du babysitting","og_description":"Pollution de l air en ville est un r\u00e9el fl\u00e9au. Quel est l'impact de la pollution de l air sur les enfants ? Comment prot\u00e9ger les enfants ?","og_url":"https:\/\/lesmartsitting.fr\/blog\/pollution-de-l-air-et-les-enfants\/","og_site_name":"Le blog du babysitting","article_author":"https:\/\/www.facebook.com\/lesmartsitting\/","article_published_time":"2019-09-13T11:47:17+00:00","article_modified_time":"2020-01-14T14:17:34+00:00","og_image":[{"width":3024,"height":2016,"url":"https:\/\/lesmartsitting.fr\/blog\/wp-content\/uploads\/2019\/09\/pollution-de-lair-enfants-premi\u00e8res-victimes.jpg","type":"image\/jpeg"}],"author":"Le Smartsitting","twitter_card":"summary_large_image","twitter_creator":"@https:\/\/twitter.com\/LeSmartsitting","twitter_misc":{"\u00c9crit par":"Le Smartsitting","Dur\u00e9e de lecture estim\u00e9e":"4 minutes"},"schema":{"@context":"https:\/\/schema.org","@graph":[{"@type":"Article","@id":"https:\/\/lesmartsitting.fr\/blog\/pollution-de-l-air-et-les-enfants\/#article","isPartOf":{"@id":"https:\/\/lesmartsitting.fr\/blog\/pollution-de-l-air-et-les-enfants\/"},"author":{"name":"Le Smartsitting","@id":"https:\/\/lesmartsitting.fr\/blog\/#\/schema\/person\/d41a9461f2d255bddef49f025f963d15"},"headline":"Pollution de l&rsquo;air : les enfants, les premiers touch\u00e9s","datePublished":"2019-09-13T11:47:17+00:00","dateModified":"2020-01-14T14:17:34+00:00","mainEntityOfPage":{"@id":"https:\/\/lesmartsitting.fr\/blog\/pollution-de-l-air-et-les-enfants\/"},"wordCount":883,"commentCount":1,"publisher":{"@id":"https:\/\/lesmartsitting.fr\/blog\/#organization"},"image":{"@id":"https:\/\/lesmartsitting.fr\/blog\/pollution-de-l-air-et-les-enfants\/#primaryimage"},"thumbnailUrl":"https:\/\/lesmartsitting.fr\/blog\/wp-content\/uploads\/2019\/09\/pollution-de-lair-enfants-premi\u00e8res-victimes.jpg","articleSection":["Parent bienveillant"],"inLanguage":"fr-FR","potentialAction":[{"@type":"CommentAction","name":"Comment","target":["https:\/\/lesmartsitting.fr\/blog\/pollution-de-l-air-et-les-enfants\/#respond"]}]},{"@type":"WebPage","@id":"https:\/\/lesmartsitting.fr\/blog\/pollution-de-l-air-et-les-enfants\/","url":"https:\/\/lesmartsitting.fr\/blog\/pollution-de-l-air-et-les-enfants\/","name":"Pollution de l'air : les enfants, les premiers touch\u00e9s | Le blog du babysitting","isPartOf":{"@id":"https:\/\/lesmartsitting.fr\/blog\/#website"},"primaryImageOfPage":{"@id":"https:\/\/lesmartsitting.fr\/blog\/pollution-de-l-air-et-les-enfants\/#primaryimage"},"image":{"@id":"https:\/\/lesmartsitting.fr\/blog\/pollution-de-l-air-et-les-enfants\/#primaryimage"},"thumbnailUrl":"https:\/\/lesmartsitting.fr\/blog\/wp-content\/uploads\/2019\/09\/pollution-de-lair-enfants-premi\u00e8res-victimes.jpg","datePublished":"2019-09-13T11:47:17+00:00","dateModified":"2020-01-14T14:17:34+00:00","description":"Pollution de l air en ville est un r\u00e9el fl\u00e9au. Quel est l'impact de la pollution de l air sur les enfants ? Comment prot\u00e9ger les enfants ?","breadcrumb":{"@id":"https:\/\/lesmartsitting.fr\/blog\/pollution-de-l-air-et-les-enfants\/#breadcrumb"},"inLanguage":"fr-FR","potentialAction":[{"@type":"ReadAction","target":["https:\/\/lesmartsitting.fr\/blog\/pollution-de-l-air-et-les-enfants\/"]}]},{"@type":"ImageObject","inLanguage":"fr-FR","@id":"https:\/\/lesmartsitting.fr\/blog\/pollution-de-l-air-et-les-enfants\/#primaryimage","url":"https:\/\/lesmartsitting.fr\/blog\/wp-content\/uploads\/2019\/09\/pollution-de-lair-enfants-premi\u00e8res-victimes.jpg","contentUrl":"https:\/\/lesmartsitting.fr\/blog\/wp-content\/uploads\/2019\/09\/pollution-de-lair-enfants-premi\u00e8res-victimes.jpg","width":3024,"height":2016,"caption":"pollution de l'air enfants premi\u00e8res victimes"},{"@type":"BreadcrumbList","@id":"https:\/\/lesmartsitting.fr\/blog\/pollution-de-l-air-et-les-enfants\/#breadcrumb","itemListElement":[{"@type":"ListItem","position":1,"name":"Accueil","item":"https:\/\/lesmartsitting.fr\/blog\/"},{"@type":"ListItem","position":2,"name":"Pollution de l&rsquo;air : les enfants, les premiers touch\u00e9s"}]},{"@type":"WebSite","@id":"https:\/\/lesmartsitting.fr\/blog\/#website","url":"https:\/\/lesmartsitting.fr\/blog\/","name":"Le blog du babysitting","description":"Le lien pour tout savoir sur les jobs \u00e9tudiants","publisher":{"@id":"https:\/\/lesmartsitting.fr\/blog\/#organization"},"potentialAction":[{"@type":"SearchAction","target":{"@type":"EntryPoint","urlTemplate":"https:\/\/lesmartsitting.fr\/blog\/?s={search_term_string}"},"query-input":{"@type":"PropertyValueSpecification","valueRequired":true,"valueName":"search_term_string"}}],"inLanguage":"fr-FR"},{"@type":"Organization","@id":"https:\/\/lesmartsitting.fr\/blog\/#organization","name":"Le Smartsitting","url":"https:\/\/lesmartsitting.fr\/blog\/","logo":{"@type":"ImageObject","inLanguage":"fr-FR","@id":"https:\/\/lesmartsitting.fr\/blog\/#\/schema\/logo\/image\/","url":"https:\/\/lesmartsitting.fr\/blog\/wp-content\/uploads\/2022\/03\/logo-petit.jpg","contentUrl":"https:\/\/lesmartsitting.fr\/blog\/wp-content\/uploads\/2022\/03\/logo-petit.jpg","width":149,"height":116,"caption":"Le Smartsitting"},"image":{"@id":"https:\/\/lesmartsitting.fr\/blog\/#\/schema\/logo\/image\/"}},{"@type":"Person","@id":"https:\/\/lesmartsitting.fr\/blog\/#\/schema\/person\/d41a9461f2d255bddef49f025f963d15","name":"Le Smartsitting","image":{"@type":"ImageObject","inLanguage":"fr-FR","@id":"https:\/\/secure.gravatar.com\/avatar\/f2f8957f1d57529cc07b81220126f25ee6029701b9703dc625b3be6acca90c9d?s=96&d=mm&r=g","url":"https:\/\/secure.gravatar.com\/avatar\/f2f8957f1d57529cc07b81220126f25ee6029701b9703dc625b3be6acca90c9d?s=96&d=mm&r=g","contentUrl":"https:\/\/secure.gravatar.com\/avatar\/f2f8957f1d57529cc07b81220126f25ee6029701b9703dc625b3be6acca90c9d?s=96&d=mm&r=g","caption":"Le Smartsitting"},"sameAs":["https:\/\/lesmartsitting.fr\/","https:\/\/www.facebook.com\/lesmartsitting\/","https:\/\/www.instagram.com\/lesmartsitting\/","https:\/\/www.pinterest.fr\/elesmartsitting\/boards\/","https:\/\/x.com\/https:\/\/twitter.com\/LeSmartsitting","https:\/\/www.youtube.com\/channel\/UC6kMJHohW6816RXI8n7kvzQ\/"],"url":"https:\/\/lesmartsitting.fr\/blog\/author\/le-smartsitting\/"}]}},"_links":{"self":[{"href":"https:\/\/lesmartsitting.fr\/blog\/wp-json\/wp\/v2\/posts\/1237","targetHints":{"allow":["GET"]}}],"collection":[{"href":"https:\/\/lesmartsitting.fr\/blog\/wp-json\/wp\/v2\/posts"}],"about":[{"href":"https:\/\/lesmartsitting.fr\/blog\/wp-json\/wp\/v2\/types\/post"}],"author":[{"embeddable":true,"href":"https:\/\/lesmartsitting.fr\/blog\/wp-json\/wp\/v2\/users\/1"}],"replies":[{"embeddable":true,"href":"https:\/\/lesmartsitting.fr\/blog\/wp-json\/wp\/v2\/comments?post=1237"}],"version-history":[{"count":8,"href":"https:\/\/lesmartsitting.fr\/blog\/wp-json\/wp\/v2\/posts\/1237\/revisions"}],"predecessor-version":[{"id":1251,"href":"https:\/\/lesmartsitting.fr\/blog\/wp-json\/wp\/v2\/posts\/1237\/revisions\/1251"}],"wp:featuredmedia":[{"embeddable":true,"href":"https:\/\/lesmartsitting.fr\/blog\/wp-json\/wp\/v2\/media\/1240"}],"wp:attachment":[{"href":"https:\/\/lesmartsitting.fr\/blog\/wp-json\/wp\/v2\/media?parent=1237"}],"wp:term":[{"taxonomy":"category","embeddable":true,"href":"https:\/\/lesmartsitting.fr\/blog\/wp-json\/wp\/v2\/categories?post=1237"},{"taxonomy":"post_tag","embeddable":true,"href":"https:\/\/lesmartsitting.fr\/blog\/wp-json\/wp\/v2\/tags?post=1237"}],"curies":[{"name":"wp","href":"https:\/\/api.w.org\/{rel}","templated":true}]}}