{"id":1788,"date":"2021-01-13T09:09:29","date_gmt":"2021-01-13T08:09:29","guid":{"rendered":"https:\/\/lesmartsitting.fr\/blog\/?p=1788"},"modified":"2020-12-15T12:12:07","modified_gmt":"2020-12-15T11:12:07","slug":"interview-de-maman-instagramuse-eve","status":"publish","type":"post","link":"https:\/\/lesmartsitting.fr\/blog\/interview-de-maman-instagramuse-eve\/","title":{"rendered":"Interview de maman Instagrameuse : Eve"},"content":{"rendered":"\n<p>Aujourd\u2019hui, dans parole de maman, d\u00e9couvrez l&rsquo;interview de Eve, une maman connect\u00e9e ! Eve s\u2019est form\u00e9e \u00e0 la p\u00e9dagogie Montessori et partage sa passion sur ses comptes <a href=\"https:\/\/www.instagram.com\/educatrice_montessori_et_maman\/\" target=\"_blank\" rel=\"noreferrer noopener\">Instagram<\/a> et <a href=\"https:\/\/www.facebook.com\/watch\/educatricemontessorietmaman\/\" target=\"_blank\" rel=\"noreferrer noopener\">Facebook<\/a> sous le pseudonyme \u00c9ducatrice Montessori et maman !&nbsp;<\/p>\n\n\n\n<h2 class=\"wp-block-heading\"><strong>une Maman connect\u00e9e&nbsp;<\/strong><\/h2>\n\n\n\n<p><strong>Que faites vous dans la vie ? <\/strong><br>Bonjour, je m\u2019appelle Eve, j&rsquo;ai un dipl\u00f4me en communication et j&rsquo;ai d\u00e9couvert la p\u00e9dagogie Montessori lorsque j&rsquo;\u00e9tais enceinte de mon a\u00een\u00e9e. Cela a \u00e9t\u00e9 une r\u00e9v\u00e9lation, j&rsquo;aurais r\u00eav\u00e9 de cette \u00e9cole lorsque j&rsquo;\u00e9tais enfant, je me suis tellement ennuy\u00e9e \u00e0 l&rsquo;\u00e9cole !<br>J&rsquo;ai alors profit\u00e9 d&rsquo;une p\u00e9riode de ch\u00f4mage pour suivre la formation d&rsquo;Assistante Montessori International sans penser \u00e0 une reconversion car je n&rsquo;avais aucun dipl\u00f4me dans le domaine de l&rsquo;enfance.<br>Une amie a ouvert une \u00e9cole Montessori o\u00f9 je me suis engag\u00e9e b\u00e9n\u00e9volement 1 jour par semaine puis elle m&rsquo;a embauch\u00e9 la 2\u00e8me ann\u00e9e. Apr\u00e8s 3 ans comme assistante, mon amie m&rsquo;a propos\u00e9 de me former pour \u00eatre \u00e9ducatrice. Elle m&rsquo;a donc confi\u00e9 l&rsquo;ambiance 3-6 ans l&rsquo;ann\u00e9e suivante. C&rsquo;\u00e9tait en 2017.<\/p>\n\n\n\n<p><strong>Depuis quand \u00eates vous blogueuse et\/ou instagrameuse ? <br><\/strong>J&rsquo;ai commenc\u00e9 \u00e0 partager le quotidien de ma famille et de ma classe la m\u00eame ann\u00e9e sur Facebook. En 2018 sur Instagram. Tenir un blog me semble plus chronophage donc lorsque j&rsquo;ai une id\u00e9e d&rsquo;article, je m&rsquo;invite sur le blog d&rsquo;une amie appel\u00e9 <a href=\"https:\/\/www.crazy-mum.fr\" target=\"_blank\" rel=\"noreferrer noopener\">crazy mum<\/a> pour \u00e9crire. <\/p>\n\n\n\n<p><strong>Quel contenu proposez-vous ? <br><\/strong>Je partage mes coups de c\u0153ur (plus rarement des coups de gueule mais cela arrive) d&rsquo;activit\u00e9s, jeux et livres. Un peu de la vie de ma classe.<\/p>\n\n\n\n<p><strong>Pourquoi vous \u00eates-vous lanc\u00e9e ? <br><\/strong>Pour montrer que Montessori n&rsquo;est pas r\u00e9serv\u00e9 qu&rsquo;\u00e0 l&rsquo;\u00e9cole, il y a beaucoup \u00e0 proposer \u00e0 la maison (m\u00eame sans argent car c&rsquo;est avant tout un rapport \u00e0 l&rsquo;enfant).<\/p>\n\n\n\n<p><strong>Votre d\u00e9marche en 3 mots<\/strong><br>Partage, p\u00e9dagogie, bienveillance (oui, le mot est \u00e0 la mode).<\/p>\n\n\n\n<p><strong>Quel est l\u2019article \/ le post qui a le mieux fonctionn\u00e9 ? <br><\/strong>La vid\u00e9o qui a le plus march\u00e9 est une vid\u00e9o appel\u00e9 <a href=\"https:\/\/fb.watch\/23BAAhrSYh\" target=\"_blank\" rel=\"noreferrer noopener\">Puzzle planisph\u00e8re Janod<\/a> dans laquelle je chante.<\/p>\n\n\n\n<h2 class=\"wp-block-heading\"><strong>Interview de maman : une maman Montessori<\/strong><\/h2>\n\n\n\n<p><strong>Que pensez-vous de la p\u00e9dagogie Montessori ?<\/strong><br>Je suis fan, sa d\u00e9couverte a chang\u00e9 ma vie, ma parentalit\u00e9, ma carri\u00e8re.<\/p>\n\n\n\n<p><strong>Votre botte secr\u00e8te pour occuper les enfants ?<\/strong><br>La peinture, c&rsquo;est tout b\u00eate mais je peux en proposer tous les jours, les enfants adh\u00e8rent. La vraie botte secr\u00e8te pour la maison, c&rsquo;est la toile cir\u00e9e par terre achet\u00e9e pour cette activit\u00e9 donc je ne la lave jamais.<\/p>\n\n\n\n<p><strong>Avez-vous d\u00e9j\u00e0 fait garder vos enfants par un babysitter ?<\/strong><br>Oui, recommand\u00e9es ou des enfants d&rsquo;amis.<\/p>\n\n\n\n<p><strong>Quelles sont les 3 qualit\u00e9s indispensables chez un\/une babysitter selon vous ?<\/strong><br>Selon moi les trois qualit\u00e9s indispensables sont la patience, la souplesse et l&rsquo;ing\u00e9niosit\u00e9.<\/p>\n\n\n\n<p><strong>Un mot pour la fin ?<\/strong><br>L&rsquo;enfance est courte, parfois les nuits aussi mais les souvenirs et la joie se cr\u00e9ent au quotidien. N&rsquo;attendez pas les vacances pour vivre !<br><\/p>\n\n\n\n<p>Pour finir, un tr\u00e8s grand merci \u00e0 Eve pour cette interview. Nous lui souhaitons une tr\u00e8s belle continuation pour la suite !<\/p>\n\n\n\n<p>D\u00e9couvrez \u00e9galement <a href=\"https:\/\/lesmartsitting.fr\/blog\/maman-instagrameuse-faeda\/\" target=\"_blank\" rel=\"noreferrer noopener\">l&rsquo;interview de Faeda, maman instagrameuse<\/a>.&nbsp;<\/p>\n","protected":false},"excerpt":{"rendered":"<p>Aujourd\u2019hui, dans parole de maman, d\u00e9couvrez l&rsquo;interview de Eve, une  [&#8230;]<\/p>\n","protected":false},"author":1,"featured_media":1796,"comment_status":"open","ping_status":"open","sticky":false,"template":"","format":"standard","meta":{"_exactmetrics_skip_tracking":false,"_exactmetrics_sitenote_active":false,"_exactmetrics_sitenote_note":"","_exactmetrics_sitenote_category":0,"footnotes":""},"categories":[9],"tags":[84,76,109],"class_list":["post-1788","post","type-post","status-publish","format-standard","has-post-thumbnail","hentry","category-parent-bienveillant","tag-bienveillance","tag-en-famille","tag-parents"],"yoast_head":"<!-- This site is optimized with the Yoast SEO plugin v27.5 - https:\/\/yoast.com\/product\/yoast-seo-wordpress\/ -->\n<title>Interview de maman Instagrameuse : Eve | Le blog du babysitting<\/title>\n<meta name=\"description\" content=\"D\u00e9couvrez l&#039;interview de Eve, une maman connect\u00e9e ! Eve s\u2019est form\u00e9e \u00e0 la p\u00e9dagogie Montessori et partage sa passion sur ses r\u00e9seaux sociaux\" \/>\n<meta name=\"robots\" content=\"index, follow, max-snippet:-1, max-image-preview:large, max-video-preview:-1\" \/>\n<link rel=\"canonical\" href=\"https:\/\/lesmartsitting.fr\/blog\/interview-de-maman-instagramuse-eve\/\" \/>\n<meta property=\"og:locale\" content=\"fr_FR\" \/>\n<meta property=\"og:type\" content=\"article\" \/>\n<meta property=\"og:title\" content=\"Interview de maman Instagrameuse : Eve | Le blog du babysitting\" \/>\n<meta property=\"og:description\" content=\"D\u00e9couvrez l&#039;interview de Eve, une maman connect\u00e9e ! Eve s\u2019est form\u00e9e \u00e0 la p\u00e9dagogie Montessori et partage sa passion sur ses r\u00e9seaux sociaux\" \/>\n<meta property=\"og:url\" content=\"https:\/\/lesmartsitting.fr\/blog\/interview-de-maman-instagramuse-eve\/\" \/>\n<meta property=\"og:site_name\" content=\"Le blog du babysitting\" \/>\n<meta property=\"article:author\" content=\"https:\/\/www.facebook.com\/lesmartsitting\/\" \/>\n<meta property=\"article:published_time\" content=\"2021-01-13T08:09:29+00:00\" \/>\n<meta property=\"og:image\" content=\"https:\/\/lesmartsitting.fr\/blog\/wp-content\/uploads\/2020\/12\/BLOG_Format-photo-900x600-px-2-1.png\" \/>\n\t<meta property=\"og:image:width\" content=\"900\" \/>\n\t<meta property=\"og:image:height\" content=\"600\" \/>\n\t<meta property=\"og:image:type\" content=\"image\/png\" \/>\n<meta name=\"author\" content=\"Le Smartsitting\" \/>\n<meta name=\"twitter:card\" content=\"summary_large_image\" \/>\n<meta name=\"twitter:creator\" content=\"@https:\/\/twitter.com\/LeSmartsitting\" \/>\n<meta name=\"twitter:label1\" content=\"\u00c9crit par\" \/>\n\t<meta name=\"twitter:data1\" content=\"Le Smartsitting\" \/>\n\t<meta name=\"twitter:label2\" content=\"Dur\u00e9e de lecture estim\u00e9e\" \/>\n\t<meta name=\"twitter:data2\" content=\"3 minutes\" \/>\n<script type=\"application\/ld+json\" class=\"yoast-schema-graph\">{\"@context\":\"https:\\\/\\\/schema.org\",\"@graph\":[{\"@type\":\"Article\",\"@id\":\"https:\\\/\\\/lesmartsitting.fr\\\/blog\\\/interview-de-maman-instagramuse-eve\\\/#article\",\"isPartOf\":{\"@id\":\"https:\\\/\\\/lesmartsitting.fr\\\/blog\\\/interview-de-maman-instagramuse-eve\\\/\"},\"author\":{\"name\":\"Le Smartsitting\",\"@id\":\"https:\\\/\\\/lesmartsitting.fr\\\/blog\\\/#\\\/schema\\\/person\\\/d41a9461f2d255bddef49f025f963d15\"},\"headline\":\"Interview de maman Instagrameuse : Eve\",\"datePublished\":\"2021-01-13T08:09:29+00:00\",\"mainEntityOfPage\":{\"@id\":\"https:\\\/\\\/lesmartsitting.fr\\\/blog\\\/interview-de-maman-instagramuse-eve\\\/\"},\"wordCount\":580,\"commentCount\":0,\"publisher\":{\"@id\":\"https:\\\/\\\/lesmartsitting.fr\\\/blog\\\/#organization\"},\"image\":{\"@id\":\"https:\\\/\\\/lesmartsitting.fr\\\/blog\\\/interview-de-maman-instagramuse-eve\\\/#primaryimage\"},\"thumbnailUrl\":\"https:\\\/\\\/lesmartsitting.fr\\\/blog\\\/wp-content\\\/uploads\\\/2020\\\/12\\\/BLOG_Format-photo-900x600-px-2-1.png\",\"keywords\":[\"Bienveillance\",\"En famille\",\"parents\"],\"articleSection\":[\"Parent bienveillant\"],\"inLanguage\":\"fr-FR\",\"potentialAction\":[{\"@type\":\"CommentAction\",\"name\":\"Comment\",\"target\":[\"https:\\\/\\\/lesmartsitting.fr\\\/blog\\\/interview-de-maman-instagramuse-eve\\\/#respond\"]}]},{\"@type\":\"WebPage\",\"@id\":\"https:\\\/\\\/lesmartsitting.fr\\\/blog\\\/interview-de-maman-instagramuse-eve\\\/\",\"url\":\"https:\\\/\\\/lesmartsitting.fr\\\/blog\\\/interview-de-maman-instagramuse-eve\\\/\",\"name\":\"Interview de maman Instagrameuse : Eve | Le blog du babysitting\",\"isPartOf\":{\"@id\":\"https:\\\/\\\/lesmartsitting.fr\\\/blog\\\/#website\"},\"primaryImageOfPage\":{\"@id\":\"https:\\\/\\\/lesmartsitting.fr\\\/blog\\\/interview-de-maman-instagramuse-eve\\\/#primaryimage\"},\"image\":{\"@id\":\"https:\\\/\\\/lesmartsitting.fr\\\/blog\\\/interview-de-maman-instagramuse-eve\\\/#primaryimage\"},\"thumbnailUrl\":\"https:\\\/\\\/lesmartsitting.fr\\\/blog\\\/wp-content\\\/uploads\\\/2020\\\/12\\\/BLOG_Format-photo-900x600-px-2-1.png\",\"datePublished\":\"2021-01-13T08:09:29+00:00\",\"description\":\"D\u00e9couvrez l'interview de Eve, une maman connect\u00e9e ! Eve s\u2019est form\u00e9e \u00e0 la p\u00e9dagogie Montessori et partage sa passion sur ses r\u00e9seaux sociaux\",\"breadcrumb\":{\"@id\":\"https:\\\/\\\/lesmartsitting.fr\\\/blog\\\/interview-de-maman-instagramuse-eve\\\/#breadcrumb\"},\"inLanguage\":\"fr-FR\",\"potentialAction\":[{\"@type\":\"ReadAction\",\"target\":[\"https:\\\/\\\/lesmartsitting.fr\\\/blog\\\/interview-de-maman-instagramuse-eve\\\/\"]}]},{\"@type\":\"ImageObject\",\"inLanguage\":\"fr-FR\",\"@id\":\"https:\\\/\\\/lesmartsitting.fr\\\/blog\\\/interview-de-maman-instagramuse-eve\\\/#primaryimage\",\"url\":\"https:\\\/\\\/lesmartsitting.fr\\\/blog\\\/wp-content\\\/uploads\\\/2020\\\/12\\\/BLOG_Format-photo-900x600-px-2-1.png\",\"contentUrl\":\"https:\\\/\\\/lesmartsitting.fr\\\/blog\\\/wp-content\\\/uploads\\\/2020\\\/12\\\/BLOG_Format-photo-900x600-px-2-1.png\",\"width\":900,\"height\":600,\"caption\":\"une maman tenant son fils par les mains\"},{\"@type\":\"BreadcrumbList\",\"@id\":\"https:\\\/\\\/lesmartsitting.fr\\\/blog\\\/interview-de-maman-instagramuse-eve\\\/#breadcrumb\",\"itemListElement\":[{\"@type\":\"ListItem\",\"position\":1,\"name\":\"Accueil\",\"item\":\"https:\\\/\\\/lesmartsitting.fr\\\/blog\\\/\"},{\"@type\":\"ListItem\",\"position\":2,\"name\":\"Interview de maman Instagrameuse : Eve\"}]},{\"@type\":\"WebSite\",\"@id\":\"https:\\\/\\\/lesmartsitting.fr\\\/blog\\\/#website\",\"url\":\"https:\\\/\\\/lesmartsitting.fr\\\/blog\\\/\",\"name\":\"Le blog du babysitting\",\"description\":\"Le lien pour tout savoir sur les jobs \u00e9tudiants\",\"publisher\":{\"@id\":\"https:\\\/\\\/lesmartsitting.fr\\\/blog\\\/#organization\"},\"potentialAction\":[{\"@type\":\"SearchAction\",\"target\":{\"@type\":\"EntryPoint\",\"urlTemplate\":\"https:\\\/\\\/lesmartsitting.fr\\\/blog\\\/?s={search_term_string}\"},\"query-input\":{\"@type\":\"PropertyValueSpecification\",\"valueRequired\":true,\"valueName\":\"search_term_string\"}}],\"inLanguage\":\"fr-FR\"},{\"@type\":\"Organization\",\"@id\":\"https:\\\/\\\/lesmartsitting.fr\\\/blog\\\/#organization\",\"name\":\"Le Smartsitting\",\"url\":\"https:\\\/\\\/lesmartsitting.fr\\\/blog\\\/\",\"logo\":{\"@type\":\"ImageObject\",\"inLanguage\":\"fr-FR\",\"@id\":\"https:\\\/\\\/lesmartsitting.fr\\\/blog\\\/#\\\/schema\\\/logo\\\/image\\\/\",\"url\":\"https:\\\/\\\/lesmartsitting.fr\\\/blog\\\/wp-content\\\/uploads\\\/2022\\\/03\\\/logo-petit.jpg\",\"contentUrl\":\"https:\\\/\\\/lesmartsitting.fr\\\/blog\\\/wp-content\\\/uploads\\\/2022\\\/03\\\/logo-petit.jpg\",\"width\":149,\"height\":116,\"caption\":\"Le Smartsitting\"},\"image\":{\"@id\":\"https:\\\/\\\/lesmartsitting.fr\\\/blog\\\/#\\\/schema\\\/logo\\\/image\\\/\"}},{\"@type\":\"Person\",\"@id\":\"https:\\\/\\\/lesmartsitting.fr\\\/blog\\\/#\\\/schema\\\/person\\\/d41a9461f2d255bddef49f025f963d15\",\"name\":\"Le Smartsitting\",\"image\":{\"@type\":\"ImageObject\",\"inLanguage\":\"fr-FR\",\"@id\":\"https:\\\/\\\/secure.gravatar.com\\\/avatar\\\/f2f8957f1d57529cc07b81220126f25ee6029701b9703dc625b3be6acca90c9d?s=96&d=mm&r=g\",\"url\":\"https:\\\/\\\/secure.gravatar.com\\\/avatar\\\/f2f8957f1d57529cc07b81220126f25ee6029701b9703dc625b3be6acca90c9d?s=96&d=mm&r=g\",\"contentUrl\":\"https:\\\/\\\/secure.gravatar.com\\\/avatar\\\/f2f8957f1d57529cc07b81220126f25ee6029701b9703dc625b3be6acca90c9d?s=96&d=mm&r=g\",\"caption\":\"Le Smartsitting\"},\"sameAs\":[\"https:\\\/\\\/lesmartsitting.fr\\\/\",\"https:\\\/\\\/www.facebook.com\\\/lesmartsitting\\\/\",\"https:\\\/\\\/www.instagram.com\\\/lesmartsitting\\\/\",\"https:\\\/\\\/www.pinterest.fr\\\/elesmartsitting\\\/boards\\\/\",\"https:\\\/\\\/x.com\\\/https:\\\/\\\/twitter.com\\\/LeSmartsitting\",\"https:\\\/\\\/www.youtube.com\\\/channel\\\/UC6kMJHohW6816RXI8n7kvzQ\\\/\"],\"url\":\"https:\\\/\\\/lesmartsitting.fr\\\/blog\\\/author\\\/le-smartsitting\\\/\"}]}<\/script>\n<!-- \/ Yoast SEO plugin. -->","yoast_head_json":{"title":"Interview de maman Instagrameuse : Eve | Le blog du babysitting","description":"D\u00e9couvrez l'interview de Eve, une maman connect\u00e9e ! Eve s\u2019est form\u00e9e \u00e0 la p\u00e9dagogie Montessori et partage sa passion sur ses r\u00e9seaux sociaux","robots":{"index":"index","follow":"follow","max-snippet":"max-snippet:-1","max-image-preview":"max-image-preview:large","max-video-preview":"max-video-preview:-1"},"canonical":"https:\/\/lesmartsitting.fr\/blog\/interview-de-maman-instagramuse-eve\/","og_locale":"fr_FR","og_type":"article","og_title":"Interview de maman Instagrameuse : Eve | Le blog du babysitting","og_description":"D\u00e9couvrez l'interview de Eve, une maman connect\u00e9e ! Eve s\u2019est form\u00e9e \u00e0 la p\u00e9dagogie Montessori et partage sa passion sur ses r\u00e9seaux sociaux","og_url":"https:\/\/lesmartsitting.fr\/blog\/interview-de-maman-instagramuse-eve\/","og_site_name":"Le blog du babysitting","article_author":"https:\/\/www.facebook.com\/lesmartsitting\/","article_published_time":"2021-01-13T08:09:29+00:00","og_image":[{"width":900,"height":600,"url":"https:\/\/lesmartsitting.fr\/blog\/wp-content\/uploads\/2020\/12\/BLOG_Format-photo-900x600-px-2-1.png","type":"image\/png"}],"author":"Le Smartsitting","twitter_card":"summary_large_image","twitter_creator":"@https:\/\/twitter.com\/LeSmartsitting","twitter_misc":{"\u00c9crit par":"Le Smartsitting","Dur\u00e9e de lecture estim\u00e9e":"3 minutes"},"schema":{"@context":"https:\/\/schema.org","@graph":[{"@type":"Article","@id":"https:\/\/lesmartsitting.fr\/blog\/interview-de-maman-instagramuse-eve\/#article","isPartOf":{"@id":"https:\/\/lesmartsitting.fr\/blog\/interview-de-maman-instagramuse-eve\/"},"author":{"name":"Le Smartsitting","@id":"https:\/\/lesmartsitting.fr\/blog\/#\/schema\/person\/d41a9461f2d255bddef49f025f963d15"},"headline":"Interview de maman Instagrameuse : Eve","datePublished":"2021-01-13T08:09:29+00:00","mainEntityOfPage":{"@id":"https:\/\/lesmartsitting.fr\/blog\/interview-de-maman-instagramuse-eve\/"},"wordCount":580,"commentCount":0,"publisher":{"@id":"https:\/\/lesmartsitting.fr\/blog\/#organization"},"image":{"@id":"https:\/\/lesmartsitting.fr\/blog\/interview-de-maman-instagramuse-eve\/#primaryimage"},"thumbnailUrl":"https:\/\/lesmartsitting.fr\/blog\/wp-content\/uploads\/2020\/12\/BLOG_Format-photo-900x600-px-2-1.png","keywords":["Bienveillance","En famille","parents"],"articleSection":["Parent bienveillant"],"inLanguage":"fr-FR","potentialAction":[{"@type":"CommentAction","name":"Comment","target":["https:\/\/lesmartsitting.fr\/blog\/interview-de-maman-instagramuse-eve\/#respond"]}]},{"@type":"WebPage","@id":"https:\/\/lesmartsitting.fr\/blog\/interview-de-maman-instagramuse-eve\/","url":"https:\/\/lesmartsitting.fr\/blog\/interview-de-maman-instagramuse-eve\/","name":"Interview de maman Instagrameuse : Eve | Le blog du babysitting","isPartOf":{"@id":"https:\/\/lesmartsitting.fr\/blog\/#website"},"primaryImageOfPage":{"@id":"https:\/\/lesmartsitting.fr\/blog\/interview-de-maman-instagramuse-eve\/#primaryimage"},"image":{"@id":"https:\/\/lesmartsitting.fr\/blog\/interview-de-maman-instagramuse-eve\/#primaryimage"},"thumbnailUrl":"https:\/\/lesmartsitting.fr\/blog\/wp-content\/uploads\/2020\/12\/BLOG_Format-photo-900x600-px-2-1.png","datePublished":"2021-01-13T08:09:29+00:00","description":"D\u00e9couvrez l'interview de Eve, une maman connect\u00e9e ! Eve s\u2019est form\u00e9e \u00e0 la p\u00e9dagogie Montessori et partage sa passion sur ses r\u00e9seaux sociaux","breadcrumb":{"@id":"https:\/\/lesmartsitting.fr\/blog\/interview-de-maman-instagramuse-eve\/#breadcrumb"},"inLanguage":"fr-FR","potentialAction":[{"@type":"ReadAction","target":["https:\/\/lesmartsitting.fr\/blog\/interview-de-maman-instagramuse-eve\/"]}]},{"@type":"ImageObject","inLanguage":"fr-FR","@id":"https:\/\/lesmartsitting.fr\/blog\/interview-de-maman-instagramuse-eve\/#primaryimage","url":"https:\/\/lesmartsitting.fr\/blog\/wp-content\/uploads\/2020\/12\/BLOG_Format-photo-900x600-px-2-1.png","contentUrl":"https:\/\/lesmartsitting.fr\/blog\/wp-content\/uploads\/2020\/12\/BLOG_Format-photo-900x600-px-2-1.png","width":900,"height":600,"caption":"une maman tenant son fils par les mains"},{"@type":"BreadcrumbList","@id":"https:\/\/lesmartsitting.fr\/blog\/interview-de-maman-instagramuse-eve\/#breadcrumb","itemListElement":[{"@type":"ListItem","position":1,"name":"Accueil","item":"https:\/\/lesmartsitting.fr\/blog\/"},{"@type":"ListItem","position":2,"name":"Interview de maman Instagrameuse : Eve"}]},{"@type":"WebSite","@id":"https:\/\/lesmartsitting.fr\/blog\/#website","url":"https:\/\/lesmartsitting.fr\/blog\/","name":"Le blog du babysitting","description":"Le lien pour tout savoir sur les jobs \u00e9tudiants","publisher":{"@id":"https:\/\/lesmartsitting.fr\/blog\/#organization"},"potentialAction":[{"@type":"SearchAction","target":{"@type":"EntryPoint","urlTemplate":"https:\/\/lesmartsitting.fr\/blog\/?s={search_term_string}"},"query-input":{"@type":"PropertyValueSpecification","valueRequired":true,"valueName":"search_term_string"}}],"inLanguage":"fr-FR"},{"@type":"Organization","@id":"https:\/\/lesmartsitting.fr\/blog\/#organization","name":"Le Smartsitting","url":"https:\/\/lesmartsitting.fr\/blog\/","logo":{"@type":"ImageObject","inLanguage":"fr-FR","@id":"https:\/\/lesmartsitting.fr\/blog\/#\/schema\/logo\/image\/","url":"https:\/\/lesmartsitting.fr\/blog\/wp-content\/uploads\/2022\/03\/logo-petit.jpg","contentUrl":"https:\/\/lesmartsitting.fr\/blog\/wp-content\/uploads\/2022\/03\/logo-petit.jpg","width":149,"height":116,"caption":"Le Smartsitting"},"image":{"@id":"https:\/\/lesmartsitting.fr\/blog\/#\/schema\/logo\/image\/"}},{"@type":"Person","@id":"https:\/\/lesmartsitting.fr\/blog\/#\/schema\/person\/d41a9461f2d255bddef49f025f963d15","name":"Le Smartsitting","image":{"@type":"ImageObject","inLanguage":"fr-FR","@id":"https:\/\/secure.gravatar.com\/avatar\/f2f8957f1d57529cc07b81220126f25ee6029701b9703dc625b3be6acca90c9d?s=96&d=mm&r=g","url":"https:\/\/secure.gravatar.com\/avatar\/f2f8957f1d57529cc07b81220126f25ee6029701b9703dc625b3be6acca90c9d?s=96&d=mm&r=g","contentUrl":"https:\/\/secure.gravatar.com\/avatar\/f2f8957f1d57529cc07b81220126f25ee6029701b9703dc625b3be6acca90c9d?s=96&d=mm&r=g","caption":"Le Smartsitting"},"sameAs":["https:\/\/lesmartsitting.fr\/","https:\/\/www.facebook.com\/lesmartsitting\/","https:\/\/www.instagram.com\/lesmartsitting\/","https:\/\/www.pinterest.fr\/elesmartsitting\/boards\/","https:\/\/x.com\/https:\/\/twitter.com\/LeSmartsitting","https:\/\/www.youtube.com\/channel\/UC6kMJHohW6816RXI8n7kvzQ\/"],"url":"https:\/\/lesmartsitting.fr\/blog\/author\/le-smartsitting\/"}]}},"_links":{"self":[{"href":"https:\/\/lesmartsitting.fr\/blog\/wp-json\/wp\/v2\/posts\/1788","targetHints":{"allow":["GET"]}}],"collection":[{"href":"https:\/\/lesmartsitting.fr\/blog\/wp-json\/wp\/v2\/posts"}],"about":[{"href":"https:\/\/lesmartsitting.fr\/blog\/wp-json\/wp\/v2\/types\/post"}],"author":[{"embeddable":true,"href":"https:\/\/lesmartsitting.fr\/blog\/wp-json\/wp\/v2\/users\/1"}],"replies":[{"embeddable":true,"href":"https:\/\/lesmartsitting.fr\/blog\/wp-json\/wp\/v2\/comments?post=1788"}],"version-history":[{"count":6,"href":"https:\/\/lesmartsitting.fr\/blog\/wp-json\/wp\/v2\/posts\/1788\/revisions"}],"predecessor-version":[{"id":1798,"href":"https:\/\/lesmartsitting.fr\/blog\/wp-json\/wp\/v2\/posts\/1788\/revisions\/1798"}],"wp:featuredmedia":[{"embeddable":true,"href":"https:\/\/lesmartsitting.fr\/blog\/wp-json\/wp\/v2\/media\/1796"}],"wp:attachment":[{"href":"https:\/\/lesmartsitting.fr\/blog\/wp-json\/wp\/v2\/media?parent=1788"}],"wp:term":[{"taxonomy":"category","embeddable":true,"href":"https:\/\/lesmartsitting.fr\/blog\/wp-json\/wp\/v2\/categories?post=1788"},{"taxonomy":"post_tag","embeddable":true,"href":"https:\/\/lesmartsitting.fr\/blog\/wp-json\/wp\/v2\/tags?post=1788"}],"curies":[{"name":"wp","href":"https:\/\/api.w.org\/{rel}","templated":true}]}}