{"id":1919,"date":"2021-02-17T10:00:00","date_gmt":"2021-02-17T09:00:00","guid":{"rendered":"https:\/\/lesmartsitting.fr\/blog\/?p=1919"},"modified":"2023-06-05T11:03:41","modified_gmt":"2023-06-05T09:03:41","slug":"une-bonne-idee-de-faire-un-service-civique-a-letranger","status":"publish","type":"post","link":"https:\/\/lesmartsitting.fr\/blog\/une-bonne-idee-de-faire-un-service-civique-a-letranger\/","title":{"rendered":"Une bonne id\u00e9e de faire un Service Civique \u00e0 l\u2019\u00e9tranger?"},"content":{"rendered":"\n<p>Article mis \u00e0 jour le 05 juin 2023<\/p>\n\n\n\n<p style=\"font-size:19px\">\u201c<strong>Service Civique<\/strong>\u201d, vous avez s\u00fbrement d\u00e9j\u00e0 entendu ce mot sans forc\u00e9ment savoir ce que c\u2019est exactement. <a href=\"https:\/\/lesmartsitting.fr\/?utm_source=blog\">Le Smartsitting<\/a> est donc l\u00e0 pour vous expliquer !\u00a0<\/p>\n\n\n\n<p style=\"font-size:19px\">Le Service Civique est un engagement volontaire aupr\u00e8s d\u2019une association, d\u2019une municipalit\u00e9 ou tout autre type d\u2019organisation pouvant se faire en France ou \u00e0 l\u2019\u00e9tranger. Les offres sont disponibles sur leur <a href=\"https:\/\/www.service-civique.gouv.fr\/\">site<\/a> et sont ouvertes aux personnes de 16 \u00e0 25 ans. Un \u00e9largissement jusqu&rsquo;\u00e0 30 ans est possible pour les personnes en situation de handicap. Il n\u2019y a pas de condition de dipl\u00f4me contrairement \u00e0 de nombreux jobs. Cela varie en fonction des situations mais, g\u00e9n\u00e9ralement, l\u2019indemnisation mensuelle pour un Service Civique en France est sup\u00e9rieure \u00e0 500\u20ac. Une grande partie de cette indemnisation est vers\u00e9e par l&rsquo;\u00c9tat. \u00a0\u00a0<\/p>\n\n\n\n<h2 class=\"has-text-color wp-block-heading\" style=\"color:#0071a1\">DE NOUVELLES POSSIBILIT\u00c9S<\/h2>\n\n\n\n<p style=\"font-size:19px\">R\u00e9cemment, le gouvernement a fait part de sa volont\u00e9 de rendre encore plus accessible le service civique pour tous les jeunes qui souhaiteraient s\u2019engager en le rendant plus flexible. <\/p>\n\n\n\n<p style=\"font-size:19px\">En effet, un nouveau projet serait au centre des discussions : un Service Civique franco-italien. Les jeunes de France et d&rsquo;Italie pourront effectuer une mission d&rsquo;int\u00e9r\u00eat g\u00e9n\u00e9ral r\u00e9mun\u00e9r\u00e9e dans l&rsquo;autre pays \u00e0 indiqu\u00e9 Sarah El Ha\u00efry, secr\u00e9taire d&rsquo;\u00c9tat charg\u00e9e de la jeunesse. <\/p>\n\n\n\n<p style=\"font-size:19px\">En \u00e9tant pay\u00e9s environ 600\u20ac, ils pourront travailler jusqu&rsquo;\u00e0 1 an maximum dans l&rsquo;associatif ou dans des collectivit\u00e9s sportives, environnementales, de discrimination ou encore de solidarit\u00e9. Il est important de souligner qu&rsquo;il n&rsquo;y a pas de conditions linguistiques pour pouvoir effectuer ce Service Civique. En effet, les fran\u00e7ais ne seront pas tenus de parler Italien et vice-versa pour les italiens. <\/p>\n\n\n\n<p><\/p>\n\n\n\n<p style=\"font-size:19px\">A travers cet article, <a href=\"https:\/\/lesmartsitting.fr\/?utm_source=blog\">le Smartsitting<\/a> souhaite mettre en lumi\u00e8re deux retours d\u2019exp\u00e9riences d\u2019un service civique \u00e0 l\u2019\u00e9tranger. Celui de Justine \u00e0 Dublin et d\u2019Ambroise \u00e0 Chicago.\u00a0<\/p>\n\n\n\n<p style=\"font-size:19px\"><\/p>\n\n\n\n<p><\/p>\n\n\n\n<h2 class=\"has-text-color wp-block-heading\" style=\"color:#0071a1\"><strong>INTERVIEW JUSTINE<\/strong><\/h2>\n\n\n\n<p><\/p>\n\n\n\n<figure class=\"wp-block-image size-large\"><img decoding=\"async\" width=\"640\" height=\"480\" src=\"data:image\/svg+xml,%3Csvg%20xmlns%3D%27http%3A%2F%2Fwww.w3.org%2F2000%2Fsvg%27%20width%3D%27640%27%20height%3D%27480%27%20viewBox%3D%270%200%20640%20480%27%3E%3Crect%20width%3D%27640%27%20height%3D%27480%27%20fill-opacity%3D%220%22%2F%3E%3C%2Fsvg%3E\" data-orig-src=\"https:\/\/lesmartsitting.fr\/blog\/wp-content\/uploads\/2021\/02\/ireland-2131244_640.jpg\" alt=\"Faire un service civique en Irlande\" class=\"lazyload wp-image-1921\"\/><\/figure>\n\n\n\n<p><\/p>\n\n\n\n<p><\/p>\n\n\n\n<p><\/p>\n\n\n\n<ul class=\"wp-block-list\" style=\"font-size:19px\"><li><strong>Dans quelle association \u00e9tais-tu et o\u00f9 ?\u00a0<\/strong><\/li><\/ul>\n\n\n\n<p style=\"font-size:19px\">\u201c<em>Alors moi j\u2019ai fait mon service civique avec les Petits Fr\u00e8res des Pauvres en France par qui j\u2019ai \u00e9t\u00e9 envoy\u00e9e dans une association en Irlande, \u00e0 Dublin, qui s\u2019appelait Friends of the Ederly<\/em>.\u201d<\/p>\n\n\n\n<ul class=\"wp-block-list\" style=\"font-size:19px\"><li><strong>Quel \u00e2ge avais-tu ?\u00a0<\/strong><\/li><\/ul>\n\n\n\n<p style=\"font-size:19px\">\u201c<em>J\u2019avais 23 ans lors de mon Service Civique<\/em>.\u201d<\/p>\n\n\n\n<ul class=\"wp-block-list\" style=\"font-size:19px\"><li><strong>Comment as-tu connu ce service civique ?\u00a0<\/strong><\/li><\/ul>\n\n\n\n<p style=\"font-size:19px\">\u201c<em>Vraiment en cherchant sur Internet un soir comme \u00e7a, j\u2019ai cherch\u00e9 partout et j\u2019avais trouv\u00e9 d\u2019abord le service civique \u00e0 Chicago mais il fallait le permis de conduire. Apr\u00e8s j\u2019ai regard\u00e9 sur le site des Petits Fr\u00e8res des pauvres et j\u2019ai vu qu\u2019il avait d\u2019autres propositions.<\/em>\u201d<\/p>\n\n\n\n<ul class=\"wp-block-list\" style=\"font-size:19px\"><li><strong>As-tu eu un retour rapide suite \u00e0 ton entretien ?<\/strong><\/li><\/ul>\n\n\n\n<p style=\"font-size:19px\">\u201c<em>Oui, assez rapide de la part de Petits Fr\u00e8res des Pauvres en France. L\u2019avantage du service civique europ\u00e9en, comme la formule que j\u2019avais choisie, c\u2019est qu\u2019il y a une structure d\u2019accueil dans ton pays d\u2019origine. J\u2019ai eu un premier entretien avec eux donc on leur envoie toutes nos infos et apr\u00e8s ils m\u2019ont mis en relation avec la structure en Irlande. L\u00e0 j\u2019ai eu un entretien Skype avec la directrice de l\u2019asso et apr\u00e8s \u00e7a s\u2019est fait assez vite. Par contre je m\u2019y suis prise en d\u00e9cembre de l\u2019ann\u00e9e avant de partir et je suis partie en septembre<\/em>. \u201c<\/p>\n\n\n\n<ul class=\"wp-block-list\" style=\"font-size:19px\"><li><strong>Ah oui, donc tu as quand m\u00eame fait \u00e7a bien en avance ?\u00a0<\/strong><\/li><\/ul>\n\n\n\n<p style=\"font-size:19px\">\u00a0\u201c<em>Oui carr\u00e9ment je m\u2019y suis prise assez t\u00f4t ! Apr\u00e8s pour les services civiques \u00e0 l\u2019\u00e9tranger, il faut s\u2019y prendre au moins 3 \u00e0 4 mois avant je pense. Moi j\u2019\u00e9tais tr\u00e8s tr\u00e8s tr\u00e8s en avance mais parce qu\u2019il fallait aussi que je vois pour mon ann\u00e9e de c\u00e9sure parce que j\u2019\u00e9tais en master donc voil\u00e0<\/em>.\u201d<\/p>\n\n\n\n<ul class=\"wp-block-list\" style=\"font-size:19px\"><li><strong>Combien de temps il y a eu entre le moment o\u00f9 tu as candidat\u00e9 et l\u2019entretien ?\u00a0<\/strong><\/li><\/ul>\n\n\n\n<p style=\"font-size:19px\">\u201c<em>Je ne sais plus exactement mais c\u2019\u00e9tait super rapide genre 1 semaine ou 2<\/em>.\u201d<\/p>\n\n\n\n<ul class=\"wp-block-list\" style=\"font-size:19px\"><li><strong>Que faisais-tu concr\u00e8tement durant ce service civique ?\u00a0<\/strong><\/li><\/ul>\n\n\n\n<p style=\"font-size:19px\">\u201c<em>Alors moi c\u2019\u00e9tait un service civique aupr\u00e8s de personnes \u00e2g\u00e9es. C\u2019est une association qui a un fonctionnement un petit peu comme Petits Fr\u00e8res des Pauvres en France. Donc on avait \u00e0 la fois des \u201cclubs sociaux\u201d, on animait des clubs sociaux o\u00f9 il y avait de la danse, on servait du th\u00e9, c\u2019\u00e9tait de la discussion, des jeux. Beaucoup de danses parce que les irlandais adorent la musique.\u00a0<\/em><\/p>\n\n\n\n<p style=\"font-size:19px\"><em>On animait aussi les \u201ctechnologies clubs\u201d donc l\u00e0 c\u2019\u00e9tait de l\u2019accompagnement dans les d\u00e9marches administratives via les outils num\u00e9riques. Aussi, le fait qu\u2019ils s\u2019approprient des outils de visio comme Skype pour voir leur famille. En plus, en Irlande, il y a beaucoup de jeunes qui bougent et partent en Australie et aux Etats-Unis. Ducoup il y a beaucoup de personnes \u00e2g\u00e9es qui sont ultra isol\u00e9es car leurs enfants sont partis sur un autre continent. Donc pour cela, c\u2019\u00e9tait imp<\/em>ortant !<\/p>\n\n\n\n<p style=\"font-size:19px\"><em>Il y avait aussi d\u2019autres clubs. Moi j\u2019avais mis en place un club de lecture et de lecture de po\u00e9sie avec des personnes qui \u00e9taient motiv\u00e9es. Une des autres personnes en Service Civique avait organis\u00e9 un club de cirque avec des personnes \u00e2g\u00e9es.\u00a0<\/em><\/p>\n\n\n\n<p style=\"font-size:19px\"><em>On avait aussi ce que l\u2019on appelait les \u201cfriendly calls\u201d donc on appelait des personnes pour savoir comment ils allaient, des personnes qui \u00e9taient dans nos listings et qui \u00e9taient assez isol\u00e9es. En g\u00e9n\u00e9ral, c\u2019\u00e9tait des personnes qui n\u2019habitaient pas \u00e0 Dublin et il n\u2019y a pas forc\u00e9ment beaucoup d\u2019associations en Irlande qui s\u2019occupent des personnes \u00e2g\u00e9es. On avait vraiment une liste de personnes \u00e0 appeler, on les appel<\/em>ait<em>, on leur demandait comment \u00e7a allait, qu\u2019ils nous racontent un peu leur vie, etc.<\/em><\/p>\n\n\n\n<p style=\"font-size:19px\"><em>Au d\u00e9but, c\u2019\u00e9tait un peu chaud car je me d\u00e9brouille bien en anglais mais l\u2019accent irlandais est quand m\u00eame assez costaud. Cela a donc \u00e9t\u00e9 un super moyen de progresser en anglais car quand quelqu\u2019un est en train de raconter sa vie au t\u00e9l\u00e9phone, il faut \u00eatre hyper concentr\u00e9 car il n\u2019y pas les gestes, la personne ne peut pas voir sur ta t\u00eate que tu es en train de gal\u00e9rer \u00e0 comprendre ce qu\u2019elle dit.\u201d<\/em><\/p>\n\n\n\n<ul class=\"wp-block-list\" style=\"font-size:19px\"><li><strong>Comment vous vous d\u00e9placiez l\u00e0-bas ?\u00a0<\/strong><\/li><\/ul>\n\n\n\n<p style=\"font-size:19px\"><em>\u201cAlors oui, \u00e7a s\u2019\u00e9tait une autre activit\u00e9, on allait au domicile des personnes. On avait environ 3 personnes \u00e0 aller voir. Il y en a une que j\u2019allais voir une fois par semaine, une autre deux fois par semaine et la derni\u00e8re une fois par semaine aussi. On se d\u00e9pla\u00e7ait en bus, en v\u00e9lo ou \u00e0 pied. Moi je marchais \u00e9norm\u00e9ment. Pendant mon Service Civique, je crois que je faisais en moyenne 20 \u00e0 25 km par jour quand j\u2019avais ces visites mais c\u2019\u00e9tait trop bien !<\/em><\/p>\n\n\n\n<ul class=\"wp-block-list\" style=\"font-size:19px\"><li><strong>As-tu senti que tu avais plus de libert\u00e9 dans le cadre de ton service civique que d\u2019un job classique ?\u00a0<\/strong><\/li><\/ul>\n\n\n\n<p style=\"font-size:19px\"><em>\u201cClairement, c\u2019est un engagement souple. On n&rsquo;est pas sur un contrat, je ne peux pas dire que tout a \u00e9t\u00e9 toujours rose, qu\u2019il n\u2019y a pas eu des moments o\u00f9 on a voulu arr\u00eater mais le Service Civique aurait pu s\u2019arr\u00eater facilement, m\u00eame si ce n\u2019\u00e9tait pas le but. Le but c\u2019est de s\u2019engager sur la dur\u00e9e du contrat d\u2019engagement mais si jamais une personne doit reprendre ses \u00e9tudes ou quelque chose d\u2019important dans sa vie, le Service Civique peut s\u2019arr\u00eater plus facilement qu\u2019un job plus classique.<\/em><\/p>\n\n\n\n<p style=\"font-size:19px\"><em>Et puis on est l\u00e0 pour apprendre, on a pas d&rsquo;objectifs particuliers. On peut faire des bourdes, on peut se planter et voil\u00e0 c\u2019est autre chose.\u201d<\/em><\/p>\n\n\n\n<ul class=\"wp-block-list\" style=\"font-size:19px\"><li><strong>Etais-tu log\u00e9e par l\u2019asso ?\u00a0<\/strong><\/li><\/ul>\n\n\n\n<p style=\"font-size:19px\"><em>\u201cDans le cadre du Service Civique europ\u00e9en, on \u00e9tait log\u00e9s par l\u2019asso. En fait, c\u2019est une obligation, les associations qui accueillent dans ce cadre l\u00e0 doivent pr\u00e9voir le logement. C\u2019est soit un logement au sein de l\u2019asso, soit \u00e0 l\u2019ext\u00e9rieur. Donc pour nous c&rsquo;\u00e9tait carr\u00e9ment dans l\u2019association. C\u2019est un petit peu particulier comme mode de vie parce que tu bosses et tu vis au m\u00eame endroit pendant 1 an. C\u2019\u00e9tait pas \u201coufement\u201d confortable car il faisait hyper froid dans l\u2019asso; .<\/em> En effet, <em>notre manageuse coupait tous les chauffages sauf dans nos chambres quand l\u2019asso \u00e9tait ferm\u00e9e. Dans la cuisine partag\u00e9e de l\u2019association, il faisait parfois 10 degr\u00e9s.\u00a0<\/em><\/p>\n\n\n\n<p style=\"font-size:19px\"><em>Apr\u00e8s le v\u00e9ritable avantage est que l\u2019on \u00e9tait au centre de Dublin et c\u2019est une ville qui co\u00fbte une blinde. C\u2019est presque le prix des loyers parisiens donc on n&rsquo;avait vraiment pas \u00e0 se plaindre car on pouvait sortir. Voil\u00e0 c\u2019\u00e9tait quand m\u00eame super pour \u00e7a. \u201c<\/em><\/p>\n\n\n\n<ul class=\"wp-block-list\" style=\"font-size:19px\"><li><strong>Recevais-tu une aide financi\u00e8re ?\u00a0<\/strong><\/li><\/ul>\n\n\n\n<p style=\"font-size:19px\"><em>\u201cOui, c\u2019\u00e9tait l\u2019association qui nous la versait. Ils avaient re\u00e7u une enveloppe globale pour nous accueillir et ensuite apr\u00e8s ils nous reversaient \u00e7a tous les mois. Apr\u00e8s je sais que certaines assos reversent \u00e0 la semaine genre 90 euros. Je trouve \u00e7a moins bien par exemple si tu as des d\u00e9penses un peu extra ou quoi.\u00a0<\/em><\/p>\n\n\n\n<p style=\"font-size:19px\"><em>On recevait un peu plus de 400 euros. En r<\/em>\u00e9alit\u00e9<em> c<\/em>ela<em> d\u00e9pend des pays, il y a une grille qui prend en compte le co\u00fbt de la vie dans le pays.\u201d<\/em><\/p>\n\n\n\n<ul class=\"wp-block-list\" style=\"font-size:19px\"><li><strong>C\u2019\u00e9tait suffisamment confortable ?\u00a0<\/strong><\/li><\/ul>\n\n\n\n<p style=\"font-size:19px\"><em>\u201cOui clairement ! Le fait de ne pas avoir de logement, ni de charges \u00e0 payer, c&rsquo;est un vrai avantage. Vraiment l\u2019argent que t\u2019as c\u2019est pour te nourrir m\u00eame parfois les midis il y avait des trucs \u00e0 l\u2019asso donc tr\u00e8s bien.\u201d<\/em><\/p>\n\n\n\n<ul class=\"wp-block-list\" style=\"font-size:19px\"><li><strong>D\u2019autres personnes \u00e9taient avec toi en Service Civique ?<\/strong><\/li><\/ul>\n\n\n\n<p style=\"font-size:19px\"><em>\u201cOui nous \u00e9tions 3 !\u201d<\/em><\/p>\n\n\n\n<ul class=\"wp-block-list\" style=\"font-size:19px\"><li><strong>As-tu appris de nouvelles choses \u00e0 travers ce service civique ?\u00a0<\/strong><\/li><\/ul>\n\n\n\n<p style=\"font-size:19px\"><em>\u201cOui clairement ! D\u00e9j\u00e0 l\u2019accompagnement des personnes \u00e2g\u00e9es c\u2019\u00e9tait quelque chose que je connaissais pas du tout, je venais d\u2019une formation politique et juridique. J\u2019ai pu suivre quelques formations au niveau de l\u2019association et \u00e7a n\u2019est pas n\u00e9gligeable.<\/em><\/p>\n\n\n\n<p style=\"font-size:19px\"><em>J\u2019ai aussi pu d\u00e9couvrir une autre culture. La culture irlandaise que je connaissais pas du tout. Je me disais oui c\u2019est comme en Angleterre, les Pays anglo-saxons, j\u2019avais mis tout \u00e7a dans le m\u00eame lot. E<\/em>n fait<em>, je me suis rendue compte que c\u2019est un pays qui a une vraie identit\u00e9, une histoire dont on ne parle jamais. J\u2019ai vraiment pu profiter de la culture d\u2019un pays et voir tout ce qui se fait localement : aller dans les pubs, prendre des cours \u00e0 c\u00f4t\u00e9 en plus, faire du hockey sur gazon, m\u00eame si c\u2019est pas tr\u00e8s local haha, voir des matchs de football ga\u00e9lique<\/em>, etc.<em> <\/em><\/p>\n\n\n\n<p style=\"font-size:19px\"><em>Fin voil\u00e0 l\u2019occasion de d\u00e9couvrir une nouvelle culture<\/em>. M<em>\u00eame, le fait de bosser avec des personnes \u00e2g\u00e9es et de ne pas \u00eatre dans un Erasmus, tu es vraiment immerg\u00e9e. Quand t\u2019es en Service Civique, tu es oblig\u00e9e d\u2019aller voir ce qui se fait. Et c\u2019est g\u00e9nial d\u2019entendre les personnes \u00e2g\u00e9es parler de leurs vies, de l\u2019histoire de leur pays !\u00a0\u00bb<\/em><\/p>\n\n\n\n<ul class=\"wp-block-list\" style=\"font-size:19px\"><li><strong>Est-ce que tu es satisfaite de ton exp\u00e9rience et tu recommanderais \u00e7a \u00e0 quelqu\u2019un ?\u00a0<\/strong><\/li><\/ul>\n\n\n\n<p style=\"font-size:19px\"><em>\u201cOui grave ! Je recommanderais compl\u00e8tement. Je crois qu\u2019il faut encourager tous les jeunes. On pense qu\u2019il peut y avoir des contraintes financi\u00e8res mais en r\u00e9alit\u00e9 non. C\u2019est un moyen ouvert \u00e0 tous afin de sortir des territoires ruraux ou des banlieues. C\u2019est un bon moyen de d\u00e9couvrir de nouvelles choses ! Bon, pour le moment je trouve qu\u2019il y a encore trop peu de diversit\u00e9.\u00a0<\/em><\/p>\n\n\n\n<p style=\"font-size:19px\"><em>Au-del\u00e0 de l\u2019aspect financier, j\u2019\u00e9tais avec une fille qui, depuis plusieurs ann\u00e9es, \u00e9tait un peu en d\u00e9crochage scolaire et je pense que \u00e7a l\u2019a quand m\u00eame beaucoup aid\u00e9 !\u201d<\/em><\/p>\n\n\n\n<p><\/p>\n\n\n\n<p><\/p>\n\n\n\n<p><\/p>\n\n\n\n<h2 class=\"has-text-color wp-block-heading\" style=\"color:#0071a1\"><strong>INTERVIEW AMBROISE<\/strong><\/h2>\n\n\n\n<p><\/p>\n\n\n\n<p><\/p>\n\n\n\n<p><\/p>\n\n\n\n<figure class=\"wp-block-image size-large\"><img decoding=\"async\" width=\"640\" height=\"389\" src=\"data:image\/svg+xml,%3Csvg%20xmlns%3D%27http%3A%2F%2Fwww.w3.org%2F2000%2Fsvg%27%20width%3D%27640%27%20height%3D%27389%27%20viewBox%3D%270%200%20640%20389%27%3E%3Crect%20width%3D%27640%27%20height%3D%27389%27%20fill-opacity%3D%220%22%2F%3E%3C%2Fsvg%3E\" data-orig-src=\"https:\/\/lesmartsitting.fr\/blog\/wp-content\/uploads\/2021\/02\/american-839775_640.jpg\" alt=\"Faire un service civique aux \u00c9tats-Unis\" class=\"lazyload wp-image-1922\"\/><\/figure>\n\n\n\n<p><\/p>\n\n\n\n<ul class=\"wp-block-list\" style=\"font-size:19px\"><li><strong>Dans quelle association \u00e9tais-tu et o\u00f9 ?\u00a0<\/strong><\/li><\/ul>\n\n\n\n<p style=\"font-size:19px\"><em>\u201cJ\u2019ai fait mon Service Civique \u00e0 Little Brothers Friends of Ederly \u00e0 Chicago. C\u2019est une \u201cfiliale\u201d de Petits Fr\u00e8res des Pauvres en France pr\u00e9sente depuis plus de 60 ans l\u00e0-bas o<\/em>euvrant<em> pour les personnes \u00e2g\u00e9es.\u201d<\/em><\/p>\n\n\n\n<ul class=\"wp-block-list\" style=\"font-size:19px\"><li><strong>Quel \u00e2ge avais-tu ?\u00a0<\/strong><\/li><\/ul>\n\n\n\n<p style=\"font-size:19px\"><em>\u201cJe venais d\u2019avoir 21 ans quand je suis parti, donc pile-poil la majorit\u00e9 am\u00e9ricaine.\u201d<\/em><\/p>\n\n\n\n<ul class=\"wp-block-list\" style=\"font-size:19px\"><li><strong>Comment as-tu connu ce service civique ?\u00a0<\/strong><\/li><\/ul>\n\n\n\n<p style=\"font-size:19px\"><em>\u201cPour \u00eatre honn\u00eate, je cherchais la meilleure option possible pour ma c\u00e9sure. J\u2019avais une r\u00e9elle volont\u00e9 de d\u00e9velopper mon anglais donc j\u2019ai \u00e9tudi\u00e9 les diff\u00e9rentes possibilit\u00e9s. Ma m\u00e8re m\u2019avait parl\u00e9 des Services Civiques donc je me suis renseign\u00e9 sur le sujet et j\u2019ai vu cette offre pour Chicago pour laquelle j\u2019ai imm\u00e9diatement postul\u00e9.\u201d<\/em><\/p>\n\n\n\n<ul class=\"wp-block-list\" style=\"font-size:19px\"><li><strong>Combien de temps il y a eu entre le moment o\u00f9 tu as candidat\u00e9 et l\u2019entretien ?\u00a0<\/strong><\/li><\/ul>\n\n\n\n<p style=\"font-size:19px\"><em>\u201cFranchement, beaucoup beaucoup de temps. J\u2019ai candidat\u00e9 mi-juillet, j\u2019ai relanc\u00e9 une fois sans r\u00e9ponse. A partir de l\u00e0, j&rsquo;ai cherch\u00e9 d\u2019autres opportunit\u00e9s. C\u2019est vraiment \u00e0 la toute fin du mois d&rsquo;ao\u00fbt que j\u2019ai eu un retour comme quoi l\u2019offre avait \u00e9t\u00e9 r\u00e9ouverte. La personne qui devait partir n\u2019avait tout simplement pas eu son visa. C\u2019est triste mais j\u2019ai pu b\u00e9n\u00e9ficier de cela.\u00a0<\/em><\/p>\n\n\n\n<p style=\"font-size:19px\"><em>Lorsque j\u2019ai re\u00e7u ce mail, j\u2019ai averti l\u2019association que je devais commencer un CDD au Portugal dans peu de temps donc je devais avoir une r\u00e9ponse rapidement. C\u2019est donc all\u00e9 tr\u00e8s vite. Le jour m\u00eame, j\u2019ai re\u00e7u un appel d\u2019une repr\u00e9sentante de Petits Fr\u00e8res des Pauvres en France et le lendemain un entretien avec une repr\u00e9sentante \u00e0 Chicago \u00e0 l\u2019issue duquel j\u2019ai su que j\u2019\u00e9tais accept\u00e9 pour d\u00e9marrer mon Service Civique 2 mois plus tard. J\u2019\u00e9tais tr\u00e8s heureux<\/em> <em>!\u00a0\u00bb<\/em><\/p>\n\n\n\n<ul class=\"wp-block-list\" style=\"font-size:19px\"><li><strong>Que faisais-tu concr\u00e8tement durant ce service civique ?\u00a0<\/strong><\/li><\/ul>\n\n\n\n<p style=\"font-size:19px\"><em>\u201cConcr\u00e8tement, ma mission principale \u00e9tait de rendre visite aux personnes \u00e2g\u00e9es \u00e0 leurs domiciles. J\u2019avais un groupe de 25 personnes \u00e2g\u00e9es que je devais aller voir 2 fois par mois chez elles ou en ext\u00e9rieur. C\u2019\u00e9tait vraiment tr\u00e8s flexible. Chaque jour, je devais planifier ma journ\u00e9e pour atteindre mon \u201cobjectif\u201d d\u2019avoir fait ce nombre de visites \u00e0 la fin du mois.<\/em><\/p>\n\n\n\n<p style=\"font-size:19px\"><em>Toutes les 2 semaines, le mercredi, j\u2019\u00e9tais aussi responsable du Coffee Club. C&rsquo;est-\u00e0 dire que je devais faire les courses pour accueillir une trentaine de personnes pour le petit-d\u00e9jeuner.\u00a0<\/em><\/p>\n\n\n\n<p style=\"font-size:19px\"><em>D\u2019autres missions plus occasionnelles, mais tr\u00e8s sympas, se sont ajout\u00e9es comme la distribution des cadeaux de No\u00ebl durant tout le mois de d\u00e9cembre. Lors des moments festifs comme No\u00ebl, Thanksgiving ou la Saint-Valentin, il fallait aller chercher les personnes \u00e2g\u00e9es pour qu\u2019elles viennent \u00e0 la f\u00eate.\u201d<\/em><\/p>\n\n\n\n<ul class=\"wp-block-list\" style=\"font-size:19px\"><li><strong>Comment vous vous d\u00e9placiez l\u00e0-bas ?\u00a0<\/strong><\/li><\/ul>\n\n\n\n<p style=\"font-size:19px\"><em>\u201cChaque volontaire avait sa voiture de fonction pour faire les d\u00e9placements \u00e0 Chicago. J\u2019ai vraiment ador\u00e9 conduire dans Chicago, c\u2019\u00e9tait vraiment une super partie de mon Service Civique.\u201d<\/em><\/p>\n\n\n\n<ul class=\"wp-block-list\" style=\"font-size:19px\"><li><strong>As-tu senti que tu avais plus de libert\u00e9 dans le cadre de ton service civique que d\u2019un job classique ?\u00a0<\/strong><\/li><\/ul>\n\n\n\n<p style=\"font-size:19px\"><em>\u201cClairement oui, d\u00e9j\u00e0 c\u2019\u00e9tait \u00e0 moi de faire les emplois du temps de mes journ\u00e9es. Je connaissais les objectifs, je devais faire des compte rendus du nombre d\u2019heures avec les personnes \u00e2g\u00e9es mais j\u2019avais une vraie libert\u00e9 c\u2019est s\u00fbr.\u201d<\/em><\/p>\n\n\n\n<ul class=\"wp-block-list\" style=\"font-size:19px\"><li><strong>Etais-tu log\u00e9 par l\u2019asso ?\u00a0<\/strong><\/li><\/ul>\n\n\n\n<p style=\"font-size:19px\"><em>\u201c Totalement ! Nous \u00e9tions 6 volontaires et nous \u00e9tions log\u00e9s dans l\u2019immeuble de l\u2019association. Nous avions de tr\u00e8s beaux appartements avec chacun sa chambre. On ne peut pas dire que l\u2019on manquait de place ! En plus, on \u00e9tait \u00e0 30 min \u00e0 pied du centre donc c\u2019\u00e9tait exceptionnel.\u201d<\/em><\/p>\n\n\n\n<ul class=\"wp-block-list\" style=\"font-size:19px\"><li><strong>Recevais-tu une aide financi\u00e8re ? C\u2019\u00e9tait suffisamment confortable ?\u00a0<\/strong><\/li><\/ul>\n\n\n\n<p style=\"font-size:19px\"><em>\u201cJe recevais 520 euros de l&rsquo;\u00c9tat fran\u00e7ais et 310 dollars de l\u2019association sur place. M\u00eame si le co\u00fbt de la vie est plus cher, je pouvais bien vivre et voyager. C\u2019\u00e9tait vraiment parfait !\u201c<\/em><\/p>\n\n\n\n<ul class=\"wp-block-list\" style=\"font-size:19px\"><li><strong>D\u2019autres personnes \u00e9taient avec toi en Service Civique ?<\/strong><\/li><\/ul>\n\n\n\n<p style=\"font-size:19px\"><em>\u201cIl y a eu des arriv\u00e9es et des d\u00e9parts mais globalement nous \u00e9tions toujours entre 4 et 6. Des fran\u00e7ais, une allemande et un espagnol. Il y avait aussi des volontaires am\u00e9ricains et des salari\u00e9s de l\u2019association mais nous ne vivions pas avec eux.\u201d<\/em><\/p>\n\n\n\n<ul class=\"wp-block-list\" style=\"font-size:19px\"><li><strong>Des choses que tu as moins appr\u00e9ci\u00e9es ?\u00a0<\/strong><\/li><\/ul>\n\n\n\n<p style=\"font-size:19px\"><em>\u201cOui forc\u00e9ment. D\u00e9j\u00e0 vivre et travailler au m\u00eame endroit, ce n\u2019est jamais simple. Pour ma part, je passais beaucoup de temps avec les autres volontaires. En effet, jee suis arriv\u00e9 en novembre et l\u2019hiver \u00e0 Chicago est assez rude donc on ne sortait pas tout le temps. C\u2019\u00e9tait parfois complexe d\u2019avoir cette distance avec la France et de ne pas pouvoir rencontrer de nouvelles personnes en dehors du travail. A diff\u00e9rentes reprises, il y a eu des probl\u00e8mes \u00e0 g\u00e9rer et j\u2019\u00e9tais pas loin de rentrer en France mais nous avons r\u00e9ussi \u00e0 passer au-dessus de \u00e7a !\u00a0\u00bb<\/em><\/p>\n\n\n\n<ul class=\"wp-block-list\" style=\"font-size:19px\"><li><strong>As-tu appris de nouvelles choses \u00e0 travers ce service civique ?\u00a0<\/strong><\/li><\/ul>\n\n\n\n<p style=\"font-size:19px\"><em>\u201cMon objectif \u00e9tait clairement d\u2019am\u00e9liorer mon anglais. J\u2019ai atteint cet objectif car m\u00eame si mon exp\u00e9rience s\u2019est \u00e9court\u00e9e apr\u00e8s un peu moins de 5 mois, au lieu d\u20191 an \u00e0 cause du covid, j\u2019ai pu r\u00e9ellement progresser en anglais. Ensuite, j\u2019ai d\u00e9velopp\u00e9 ma capacit\u00e9 \u00e0 m\u2019organiser et j\u2019ai gagn\u00e9 en autonomie !\u201d<\/em><\/p>\n\n\n\n<ul class=\"wp-block-list\" style=\"font-size:19px\"><li><strong>Est-ce que tu es satisfait de ton exp\u00e9rience et recommanderais-tu \u00e7a \u00e0 quelqu\u2019un ?\u00a0<\/strong><\/li><\/ul>\n\n\n\n<p style=\"font-size:19px\"><em>\u201cJe suis tout \u00e0 fait satisfait de cette incroyable exp\u00e9rience. J\u2019ai appris \u00e9norm\u00e9ment de choses, rencontr<\/em>\u00e9<em> un grand nombre de personnes que je n\u2019aurais jamais rencontr\u00e9 dans un autre contexte. J\u2019ai d\u00e9couvert la culture am\u00e9ricaine avec la ville embl\u00e9matique de Chicago. Mon exp\u00e9rience a certes \u00e9t\u00e9 \u00e9court\u00e9e par le covid, mais j\u2019ai quand m\u00eame eu le temps de voyager \u00e0 Miami, Dallas et au Canada o\u00f9 j\u2019ai vu ma famille qu\u00e9b\u00e9coise.\u00a0 Le rapport que j\u2019avais avec les personnes \u00e2g\u00e9es \u00e9tait formidable. Je suis tr\u00e8s content d&rsquo;avoir vu Chicago autrement qu\u2019en tant que touriste et je suis bien conscient que les conditions dans lesquelles nous \u00e9tions accueillies \u00e9taient supers. J&rsquo;ai d\u00e9velopp\u00e9 ma capacit\u00e9 \u00e0 m\u2019organiser, \u00e0 g\u00e9rer des situations complexes. Ce f\u00fbt vraiment une exp\u00e9rience marquante.\u00a0<\/em><\/p>\n\n\n\n<p style=\"font-size:19px\"><em>Franchement, je ne peux que recommander aux personnes de candidater si vous avez une opportunit\u00e9 comme celle-ci. Vous en sortirez forc\u00e9ment grandi !\u201d<\/em><\/p>\n\n\n\n<p><\/p>\n\n\n\n<p><\/p>\n\n\n\n<h2 class=\"has-text-color wp-block-heading\" style=\"color:#0071a1\">LE MOT DE FIN DU SMARTSITTING \u2728<\/h2>\n\n\n\n<p style=\"font-size:19px\">A travers cet article, vous avez vu deux supers retours d\u2019exp\u00e9riences sur les services civiques \u00e0 l\u2019\u00e9tranger. Faire son service civique \u00e0 l\u2019\u00e9tranger repr\u00e9sente une superbe option pour progresser dans une langue \u00e9trang\u00e8re. C\u2019est aussi un tr\u00e8s moyen de d\u00e9couvrir une culture que vous ne connaissez pas, de voyager et gagner en autonomie. Les autres points positifs sont :<\/p>\n\n\n\n<ul class=\"wp-block-list\" style=\"font-size:19px\"><li>Il n&rsquo;y a pas de condition de dipl\u00f4me, <\/li><li>Pas de contrainte financi\u00e8re car, dans la grande majorit\u00e9 des cas, vous \u00eates log\u00e9s et pay\u00e9s !<\/li><\/ul>\n\n\n\n<p style=\"font-size:19px\">Si dans l\u2019imm\u00e9diat vous \u00eates \u00e0 la recherche d\u2019un job super sympa, n\u2019h\u00e9sitez-pas \u00e0 nous rejoindre au <a href=\"https:\/\/lesmartsitting.fr\/\">Smartsitting<\/a> ! Nos smartsitters proposent des gardes d\u2019enfants cr\u00e9atives aux familles. C\u2019est un super moyen pour eux d\u2019allier \u00e9tudes et job \u00e9tudiant avec une r\u00e9mun\u00e9ration horaire \u00e0 15\u20ac\/h. N\u2019h\u00e9sitez plus ! ;)<\/p>\n","protected":false},"excerpt":{"rendered":"<p>Article mis \u00e0 jour le 05 juin 2023 \u201cService Civique\u201d,  [&#8230;]<\/p>\n","protected":false},"author":1,"featured_media":1920,"comment_status":"open","ping_status":"open","sticky":false,"template":"","format":"standard","meta":{"_exactmetrics_skip_tracking":false,"_exactmetrics_sitenote_active":false,"_exactmetrics_sitenote_note":"","_exactmetrics_sitenote_category":0,"footnotes":""},"categories":[1],"tags":[],"class_list":["post-1919","post","type-post","status-publish","format-standard","has-post-thumbnail","hentry","category-non-classe"],"yoast_head":"<!-- This site is optimized with the Yoast SEO plugin v27.5 - https:\/\/yoast.com\/product\/yoast-seo-wordpress\/ -->\n<title>Une bonne id\u00e9e de faire un Service Civique \u00e0 l\u2019\u00e9tranger? |<\/title>\n<meta name=\"description\" content=\"Vous avez surement d\u00e9j\u00e0 entendu parler du Service Civique. Mais avez-vous d\u00e9j\u00e0 eu des retours d&#039;exp\u00e9riences de Service Civique \u00e0 l&#039;\u00e9tranger?\" \/>\n<meta name=\"robots\" content=\"index, follow, max-snippet:-1, max-image-preview:large, max-video-preview:-1\" \/>\n<link rel=\"canonical\" href=\"https:\/\/lesmartsitting.fr\/blog\/une-bonne-idee-de-faire-un-service-civique-a-letranger\/\" \/>\n<meta property=\"og:locale\" content=\"fr_FR\" \/>\n<meta property=\"og:type\" content=\"article\" \/>\n<meta property=\"og:title\" content=\"Une bonne id\u00e9e de faire un Service Civique \u00e0 l\u2019\u00e9tranger? |\" \/>\n<meta property=\"og:description\" content=\"Vous avez surement d\u00e9j\u00e0 entendu parler du Service Civique. Mais avez-vous d\u00e9j\u00e0 eu des retours d&#039;exp\u00e9riences de Service Civique \u00e0 l&#039;\u00e9tranger?\" \/>\n<meta property=\"og:url\" content=\"https:\/\/lesmartsitting.fr\/blog\/une-bonne-idee-de-faire-un-service-civique-a-letranger\/\" \/>\n<meta property=\"og:site_name\" content=\"Le blog du babysitting\" \/>\n<meta property=\"article:author\" content=\"https:\/\/www.facebook.com\/lesmartsitting\/\" \/>\n<meta property=\"article:published_time\" content=\"2021-02-17T09:00:00+00:00\" \/>\n<meta property=\"article:modified_time\" content=\"2023-06-05T09:03:41+00:00\" \/>\n<meta property=\"og:image\" content=\"https:\/\/lesmartsitting.fr\/blog\/wp-content\/uploads\/2021\/02\/airport-2373727_640.jpg\" \/>\n\t<meta property=\"og:image:width\" content=\"640\" \/>\n\t<meta property=\"og:image:height\" content=\"426\" \/>\n\t<meta property=\"og:image:type\" content=\"image\/jpeg\" \/>\n<meta name=\"author\" content=\"Le Smartsitting\" \/>\n<meta name=\"twitter:card\" content=\"summary_large_image\" \/>\n<meta name=\"twitter:creator\" content=\"@https:\/\/twitter.com\/LeSmartsitting\" \/>\n<meta name=\"twitter:label1\" content=\"\u00c9crit par\" \/>\n\t<meta name=\"twitter:data1\" content=\"Le Smartsitting\" \/>\n\t<meta name=\"twitter:label2\" content=\"Dur\u00e9e de lecture estim\u00e9e\" \/>\n\t<meta name=\"twitter:data2\" content=\"16 minutes\" \/>\n<script type=\"application\/ld+json\" class=\"yoast-schema-graph\">{\"@context\":\"https:\\\/\\\/schema.org\",\"@graph\":[{\"@type\":\"Article\",\"@id\":\"https:\\\/\\\/lesmartsitting.fr\\\/blog\\\/une-bonne-idee-de-faire-un-service-civique-a-letranger\\\/#article\",\"isPartOf\":{\"@id\":\"https:\\\/\\\/lesmartsitting.fr\\\/blog\\\/une-bonne-idee-de-faire-un-service-civique-a-letranger\\\/\"},\"author\":{\"name\":\"Le Smartsitting\",\"@id\":\"https:\\\/\\\/lesmartsitting.fr\\\/blog\\\/#\\\/schema\\\/person\\\/d41a9461f2d255bddef49f025f963d15\"},\"headline\":\"Une bonne id\u00e9e de faire un Service Civique \u00e0 l\u2019\u00e9tranger?\",\"datePublished\":\"2021-02-17T09:00:00+00:00\",\"dateModified\":\"2023-06-05T09:03:41+00:00\",\"mainEntityOfPage\":{\"@id\":\"https:\\\/\\\/lesmartsitting.fr\\\/blog\\\/une-bonne-idee-de-faire-un-service-civique-a-letranger\\\/\"},\"wordCount\":3306,\"commentCount\":0,\"publisher\":{\"@id\":\"https:\\\/\\\/lesmartsitting.fr\\\/blog\\\/#organization\"},\"image\":{\"@id\":\"https:\\\/\\\/lesmartsitting.fr\\\/blog\\\/une-bonne-idee-de-faire-un-service-civique-a-letranger\\\/#primaryimage\"},\"thumbnailUrl\":\"https:\\\/\\\/lesmartsitting.fr\\\/blog\\\/wp-content\\\/uploads\\\/2021\\\/02\\\/airport-2373727_640.jpg\",\"inLanguage\":\"fr-FR\",\"potentialAction\":[{\"@type\":\"CommentAction\",\"name\":\"Comment\",\"target\":[\"https:\\\/\\\/lesmartsitting.fr\\\/blog\\\/une-bonne-idee-de-faire-un-service-civique-a-letranger\\\/#respond\"]}]},{\"@type\":\"WebPage\",\"@id\":\"https:\\\/\\\/lesmartsitting.fr\\\/blog\\\/une-bonne-idee-de-faire-un-service-civique-a-letranger\\\/\",\"url\":\"https:\\\/\\\/lesmartsitting.fr\\\/blog\\\/une-bonne-idee-de-faire-un-service-civique-a-letranger\\\/\",\"name\":\"Une bonne id\u00e9e de faire un Service Civique \u00e0 l\u2019\u00e9tranger? |\",\"isPartOf\":{\"@id\":\"https:\\\/\\\/lesmartsitting.fr\\\/blog\\\/#website\"},\"primaryImageOfPage\":{\"@id\":\"https:\\\/\\\/lesmartsitting.fr\\\/blog\\\/une-bonne-idee-de-faire-un-service-civique-a-letranger\\\/#primaryimage\"},\"image\":{\"@id\":\"https:\\\/\\\/lesmartsitting.fr\\\/blog\\\/une-bonne-idee-de-faire-un-service-civique-a-letranger\\\/#primaryimage\"},\"thumbnailUrl\":\"https:\\\/\\\/lesmartsitting.fr\\\/blog\\\/wp-content\\\/uploads\\\/2021\\\/02\\\/airport-2373727_640.jpg\",\"datePublished\":\"2021-02-17T09:00:00+00:00\",\"dateModified\":\"2023-06-05T09:03:41+00:00\",\"description\":\"Vous avez surement d\u00e9j\u00e0 entendu parler du Service Civique. Mais avez-vous d\u00e9j\u00e0 eu des retours d'exp\u00e9riences de Service Civique \u00e0 l'\u00e9tranger?\",\"breadcrumb\":{\"@id\":\"https:\\\/\\\/lesmartsitting.fr\\\/blog\\\/une-bonne-idee-de-faire-un-service-civique-a-letranger\\\/#breadcrumb\"},\"inLanguage\":\"fr-FR\",\"potentialAction\":[{\"@type\":\"ReadAction\",\"target\":[\"https:\\\/\\\/lesmartsitting.fr\\\/blog\\\/une-bonne-idee-de-faire-un-service-civique-a-letranger\\\/\"]}]},{\"@type\":\"ImageObject\",\"inLanguage\":\"fr-FR\",\"@id\":\"https:\\\/\\\/lesmartsitting.fr\\\/blog\\\/une-bonne-idee-de-faire-un-service-civique-a-letranger\\\/#primaryimage\",\"url\":\"https:\\\/\\\/lesmartsitting.fr\\\/blog\\\/wp-content\\\/uploads\\\/2021\\\/02\\\/airport-2373727_640.jpg\",\"contentUrl\":\"https:\\\/\\\/lesmartsitting.fr\\\/blog\\\/wp-content\\\/uploads\\\/2021\\\/02\\\/airport-2373727_640.jpg\",\"width\":640,\"height\":426},{\"@type\":\"BreadcrumbList\",\"@id\":\"https:\\\/\\\/lesmartsitting.fr\\\/blog\\\/une-bonne-idee-de-faire-un-service-civique-a-letranger\\\/#breadcrumb\",\"itemListElement\":[{\"@type\":\"ListItem\",\"position\":1,\"name\":\"Accueil\",\"item\":\"https:\\\/\\\/lesmartsitting.fr\\\/blog\\\/\"},{\"@type\":\"ListItem\",\"position\":2,\"name\":\"Une bonne id\u00e9e de faire un Service Civique \u00e0 l\u2019\u00e9tranger?\"}]},{\"@type\":\"WebSite\",\"@id\":\"https:\\\/\\\/lesmartsitting.fr\\\/blog\\\/#website\",\"url\":\"https:\\\/\\\/lesmartsitting.fr\\\/blog\\\/\",\"name\":\"Le blog du babysitting\",\"description\":\"Le lien pour tout savoir sur les jobs \u00e9tudiants\",\"publisher\":{\"@id\":\"https:\\\/\\\/lesmartsitting.fr\\\/blog\\\/#organization\"},\"potentialAction\":[{\"@type\":\"SearchAction\",\"target\":{\"@type\":\"EntryPoint\",\"urlTemplate\":\"https:\\\/\\\/lesmartsitting.fr\\\/blog\\\/?s={search_term_string}\"},\"query-input\":{\"@type\":\"PropertyValueSpecification\",\"valueRequired\":true,\"valueName\":\"search_term_string\"}}],\"inLanguage\":\"fr-FR\"},{\"@type\":\"Organization\",\"@id\":\"https:\\\/\\\/lesmartsitting.fr\\\/blog\\\/#organization\",\"name\":\"Le Smartsitting\",\"url\":\"https:\\\/\\\/lesmartsitting.fr\\\/blog\\\/\",\"logo\":{\"@type\":\"ImageObject\",\"inLanguage\":\"fr-FR\",\"@id\":\"https:\\\/\\\/lesmartsitting.fr\\\/blog\\\/#\\\/schema\\\/logo\\\/image\\\/\",\"url\":\"https:\\\/\\\/lesmartsitting.fr\\\/blog\\\/wp-content\\\/uploads\\\/2022\\\/03\\\/logo-petit.jpg\",\"contentUrl\":\"https:\\\/\\\/lesmartsitting.fr\\\/blog\\\/wp-content\\\/uploads\\\/2022\\\/03\\\/logo-petit.jpg\",\"width\":149,\"height\":116,\"caption\":\"Le Smartsitting\"},\"image\":{\"@id\":\"https:\\\/\\\/lesmartsitting.fr\\\/blog\\\/#\\\/schema\\\/logo\\\/image\\\/\"}},{\"@type\":\"Person\",\"@id\":\"https:\\\/\\\/lesmartsitting.fr\\\/blog\\\/#\\\/schema\\\/person\\\/d41a9461f2d255bddef49f025f963d15\",\"name\":\"Le Smartsitting\",\"image\":{\"@type\":\"ImageObject\",\"inLanguage\":\"fr-FR\",\"@id\":\"https:\\\/\\\/secure.gravatar.com\\\/avatar\\\/f2f8957f1d57529cc07b81220126f25ee6029701b9703dc625b3be6acca90c9d?s=96&d=mm&r=g\",\"url\":\"https:\\\/\\\/secure.gravatar.com\\\/avatar\\\/f2f8957f1d57529cc07b81220126f25ee6029701b9703dc625b3be6acca90c9d?s=96&d=mm&r=g\",\"contentUrl\":\"https:\\\/\\\/secure.gravatar.com\\\/avatar\\\/f2f8957f1d57529cc07b81220126f25ee6029701b9703dc625b3be6acca90c9d?s=96&d=mm&r=g\",\"caption\":\"Le Smartsitting\"},\"sameAs\":[\"https:\\\/\\\/lesmartsitting.fr\\\/\",\"https:\\\/\\\/www.facebook.com\\\/lesmartsitting\\\/\",\"https:\\\/\\\/www.instagram.com\\\/lesmartsitting\\\/\",\"https:\\\/\\\/www.pinterest.fr\\\/elesmartsitting\\\/boards\\\/\",\"https:\\\/\\\/x.com\\\/https:\\\/\\\/twitter.com\\\/LeSmartsitting\",\"https:\\\/\\\/www.youtube.com\\\/channel\\\/UC6kMJHohW6816RXI8n7kvzQ\\\/\"],\"url\":\"https:\\\/\\\/lesmartsitting.fr\\\/blog\\\/author\\\/le-smartsitting\\\/\"}]}<\/script>\n<!-- \/ Yoast SEO plugin. -->","yoast_head_json":{"title":"Une bonne id\u00e9e de faire un Service Civique \u00e0 l\u2019\u00e9tranger? |","description":"Vous avez surement d\u00e9j\u00e0 entendu parler du Service Civique. Mais avez-vous d\u00e9j\u00e0 eu des retours d'exp\u00e9riences de Service Civique \u00e0 l'\u00e9tranger?","robots":{"index":"index","follow":"follow","max-snippet":"max-snippet:-1","max-image-preview":"max-image-preview:large","max-video-preview":"max-video-preview:-1"},"canonical":"https:\/\/lesmartsitting.fr\/blog\/une-bonne-idee-de-faire-un-service-civique-a-letranger\/","og_locale":"fr_FR","og_type":"article","og_title":"Une bonne id\u00e9e de faire un Service Civique \u00e0 l\u2019\u00e9tranger? |","og_description":"Vous avez surement d\u00e9j\u00e0 entendu parler du Service Civique. Mais avez-vous d\u00e9j\u00e0 eu des retours d'exp\u00e9riences de Service Civique \u00e0 l'\u00e9tranger?","og_url":"https:\/\/lesmartsitting.fr\/blog\/une-bonne-idee-de-faire-un-service-civique-a-letranger\/","og_site_name":"Le blog du babysitting","article_author":"https:\/\/www.facebook.com\/lesmartsitting\/","article_published_time":"2021-02-17T09:00:00+00:00","article_modified_time":"2023-06-05T09:03:41+00:00","og_image":[{"width":640,"height":426,"url":"https:\/\/lesmartsitting.fr\/blog\/wp-content\/uploads\/2021\/02\/airport-2373727_640.jpg","type":"image\/jpeg"}],"author":"Le Smartsitting","twitter_card":"summary_large_image","twitter_creator":"@https:\/\/twitter.com\/LeSmartsitting","twitter_misc":{"\u00c9crit par":"Le Smartsitting","Dur\u00e9e de lecture estim\u00e9e":"16 minutes"},"schema":{"@context":"https:\/\/schema.org","@graph":[{"@type":"Article","@id":"https:\/\/lesmartsitting.fr\/blog\/une-bonne-idee-de-faire-un-service-civique-a-letranger\/#article","isPartOf":{"@id":"https:\/\/lesmartsitting.fr\/blog\/une-bonne-idee-de-faire-un-service-civique-a-letranger\/"},"author":{"name":"Le Smartsitting","@id":"https:\/\/lesmartsitting.fr\/blog\/#\/schema\/person\/d41a9461f2d255bddef49f025f963d15"},"headline":"Une bonne id\u00e9e de faire un Service Civique \u00e0 l\u2019\u00e9tranger?","datePublished":"2021-02-17T09:00:00+00:00","dateModified":"2023-06-05T09:03:41+00:00","mainEntityOfPage":{"@id":"https:\/\/lesmartsitting.fr\/blog\/une-bonne-idee-de-faire-un-service-civique-a-letranger\/"},"wordCount":3306,"commentCount":0,"publisher":{"@id":"https:\/\/lesmartsitting.fr\/blog\/#organization"},"image":{"@id":"https:\/\/lesmartsitting.fr\/blog\/une-bonne-idee-de-faire-un-service-civique-a-letranger\/#primaryimage"},"thumbnailUrl":"https:\/\/lesmartsitting.fr\/blog\/wp-content\/uploads\/2021\/02\/airport-2373727_640.jpg","inLanguage":"fr-FR","potentialAction":[{"@type":"CommentAction","name":"Comment","target":["https:\/\/lesmartsitting.fr\/blog\/une-bonne-idee-de-faire-un-service-civique-a-letranger\/#respond"]}]},{"@type":"WebPage","@id":"https:\/\/lesmartsitting.fr\/blog\/une-bonne-idee-de-faire-un-service-civique-a-letranger\/","url":"https:\/\/lesmartsitting.fr\/blog\/une-bonne-idee-de-faire-un-service-civique-a-letranger\/","name":"Une bonne id\u00e9e de faire un Service Civique \u00e0 l\u2019\u00e9tranger? |","isPartOf":{"@id":"https:\/\/lesmartsitting.fr\/blog\/#website"},"primaryImageOfPage":{"@id":"https:\/\/lesmartsitting.fr\/blog\/une-bonne-idee-de-faire-un-service-civique-a-letranger\/#primaryimage"},"image":{"@id":"https:\/\/lesmartsitting.fr\/blog\/une-bonne-idee-de-faire-un-service-civique-a-letranger\/#primaryimage"},"thumbnailUrl":"https:\/\/lesmartsitting.fr\/blog\/wp-content\/uploads\/2021\/02\/airport-2373727_640.jpg","datePublished":"2021-02-17T09:00:00+00:00","dateModified":"2023-06-05T09:03:41+00:00","description":"Vous avez surement d\u00e9j\u00e0 entendu parler du Service Civique. Mais avez-vous d\u00e9j\u00e0 eu des retours d'exp\u00e9riences de Service Civique \u00e0 l'\u00e9tranger?","breadcrumb":{"@id":"https:\/\/lesmartsitting.fr\/blog\/une-bonne-idee-de-faire-un-service-civique-a-letranger\/#breadcrumb"},"inLanguage":"fr-FR","potentialAction":[{"@type":"ReadAction","target":["https:\/\/lesmartsitting.fr\/blog\/une-bonne-idee-de-faire-un-service-civique-a-letranger\/"]}]},{"@type":"ImageObject","inLanguage":"fr-FR","@id":"https:\/\/lesmartsitting.fr\/blog\/une-bonne-idee-de-faire-un-service-civique-a-letranger\/#primaryimage","url":"https:\/\/lesmartsitting.fr\/blog\/wp-content\/uploads\/2021\/02\/airport-2373727_640.jpg","contentUrl":"https:\/\/lesmartsitting.fr\/blog\/wp-content\/uploads\/2021\/02\/airport-2373727_640.jpg","width":640,"height":426},{"@type":"BreadcrumbList","@id":"https:\/\/lesmartsitting.fr\/blog\/une-bonne-idee-de-faire-un-service-civique-a-letranger\/#breadcrumb","itemListElement":[{"@type":"ListItem","position":1,"name":"Accueil","item":"https:\/\/lesmartsitting.fr\/blog\/"},{"@type":"ListItem","position":2,"name":"Une bonne id\u00e9e de faire un Service Civique \u00e0 l\u2019\u00e9tranger?"}]},{"@type":"WebSite","@id":"https:\/\/lesmartsitting.fr\/blog\/#website","url":"https:\/\/lesmartsitting.fr\/blog\/","name":"Le blog du babysitting","description":"Le lien pour tout savoir sur les jobs \u00e9tudiants","publisher":{"@id":"https:\/\/lesmartsitting.fr\/blog\/#organization"},"potentialAction":[{"@type":"SearchAction","target":{"@type":"EntryPoint","urlTemplate":"https:\/\/lesmartsitting.fr\/blog\/?s={search_term_string}"},"query-input":{"@type":"PropertyValueSpecification","valueRequired":true,"valueName":"search_term_string"}}],"inLanguage":"fr-FR"},{"@type":"Organization","@id":"https:\/\/lesmartsitting.fr\/blog\/#organization","name":"Le Smartsitting","url":"https:\/\/lesmartsitting.fr\/blog\/","logo":{"@type":"ImageObject","inLanguage":"fr-FR","@id":"https:\/\/lesmartsitting.fr\/blog\/#\/schema\/logo\/image\/","url":"https:\/\/lesmartsitting.fr\/blog\/wp-content\/uploads\/2022\/03\/logo-petit.jpg","contentUrl":"https:\/\/lesmartsitting.fr\/blog\/wp-content\/uploads\/2022\/03\/logo-petit.jpg","width":149,"height":116,"caption":"Le Smartsitting"},"image":{"@id":"https:\/\/lesmartsitting.fr\/blog\/#\/schema\/logo\/image\/"}},{"@type":"Person","@id":"https:\/\/lesmartsitting.fr\/blog\/#\/schema\/person\/d41a9461f2d255bddef49f025f963d15","name":"Le Smartsitting","image":{"@type":"ImageObject","inLanguage":"fr-FR","@id":"https:\/\/secure.gravatar.com\/avatar\/f2f8957f1d57529cc07b81220126f25ee6029701b9703dc625b3be6acca90c9d?s=96&d=mm&r=g","url":"https:\/\/secure.gravatar.com\/avatar\/f2f8957f1d57529cc07b81220126f25ee6029701b9703dc625b3be6acca90c9d?s=96&d=mm&r=g","contentUrl":"https:\/\/secure.gravatar.com\/avatar\/f2f8957f1d57529cc07b81220126f25ee6029701b9703dc625b3be6acca90c9d?s=96&d=mm&r=g","caption":"Le Smartsitting"},"sameAs":["https:\/\/lesmartsitting.fr\/","https:\/\/www.facebook.com\/lesmartsitting\/","https:\/\/www.instagram.com\/lesmartsitting\/","https:\/\/www.pinterest.fr\/elesmartsitting\/boards\/","https:\/\/x.com\/https:\/\/twitter.com\/LeSmartsitting","https:\/\/www.youtube.com\/channel\/UC6kMJHohW6816RXI8n7kvzQ\/"],"url":"https:\/\/lesmartsitting.fr\/blog\/author\/le-smartsitting\/"}]}},"_links":{"self":[{"href":"https:\/\/lesmartsitting.fr\/blog\/wp-json\/wp\/v2\/posts\/1919","targetHints":{"allow":["GET"]}}],"collection":[{"href":"https:\/\/lesmartsitting.fr\/blog\/wp-json\/wp\/v2\/posts"}],"about":[{"href":"https:\/\/lesmartsitting.fr\/blog\/wp-json\/wp\/v2\/types\/post"}],"author":[{"embeddable":true,"href":"https:\/\/lesmartsitting.fr\/blog\/wp-json\/wp\/v2\/users\/1"}],"replies":[{"embeddable":true,"href":"https:\/\/lesmartsitting.fr\/blog\/wp-json\/wp\/v2\/comments?post=1919"}],"version-history":[{"count":3,"href":"https:\/\/lesmartsitting.fr\/blog\/wp-json\/wp\/v2\/posts\/1919\/revisions"}],"predecessor-version":[{"id":2283,"href":"https:\/\/lesmartsitting.fr\/blog\/wp-json\/wp\/v2\/posts\/1919\/revisions\/2283"}],"wp:featuredmedia":[{"embeddable":true,"href":"https:\/\/lesmartsitting.fr\/blog\/wp-json\/wp\/v2\/media\/1920"}],"wp:attachment":[{"href":"https:\/\/lesmartsitting.fr\/blog\/wp-json\/wp\/v2\/media?parent=1919"}],"wp:term":[{"taxonomy":"category","embeddable":true,"href":"https:\/\/lesmartsitting.fr\/blog\/wp-json\/wp\/v2\/categories?post=1919"},{"taxonomy":"post_tag","embeddable":true,"href":"https:\/\/lesmartsitting.fr\/blog\/wp-json\/wp\/v2\/tags?post=1919"}],"curies":[{"name":"wp","href":"https:\/\/api.w.org\/{rel}","templated":true}]}}