{"id":1984,"date":"2021-04-28T10:00:36","date_gmt":"2021-04-28T08:00:36","guid":{"rendered":"https:\/\/lesmartsitting.fr\/blog\/?p=1984"},"modified":"2023-06-30T15:32:24","modified_gmt":"2023-06-30T13:32:24","slug":"maman-instagrameuse-interview-de-merci-qui-merci-montessori","status":"publish","type":"post","link":"https:\/\/lesmartsitting.fr\/blog\/maman-instagrameuse-interview-de-merci-qui-merci-montessori\/","title":{"rendered":"Maman Instagrameuse : Interview de \u00ab\u00a0Merci qui? Merci Montessori !\u00a0\u00bb"},"content":{"rendered":"\n<p><em>Article mis \u00e0 jour le 30 juin 2023<\/em><\/p>\n\n\n\n<figure class=\"wp-block-image size-large is-resized\"><img decoding=\"async\" src=\"data:image\/svg+xml,%3Csvg%20xmlns%3D%27http%3A%2F%2Fwww.w3.org%2F2000%2Fsvg%27%20width%3D%27782%27%20height%3D%27522%27%20viewBox%3D%270%200%20782%20522%27%3E%3Crect%20width%3D%27782%27%20height%3D%27522%27%20fill-opacity%3D%220%22%2F%3E%3C%2Fsvg%3E\" data-orig-src=\"https:\/\/lesmartsitting.fr\/blog\/wp-content\/uploads\/2021\/03\/logo-1.jpg\" alt=\"Le logo du compte Insta et du blog d'Elsa, maman\" class=\"lazyload wp-image-1994\" width=\"782\" height=\"522\"\/><\/figure>\n\n\n\n<p style=\"font-size:19px\">Aujourd&rsquo;hui, dans parole de maman, d\u00e9couvrez l&rsquo;interview d&rsquo;Elsa Thiriot ! Auteure en p\u00e9dagogie et professeure des \u00e9coles, elle est aussi connue pour son <a href=\"http:\/\/www.mercimontessori.com\/\">blog<\/a> et son compte <a href=\"https:\/\/www.instagram.com\/mercimontessori\/\">Instragram<\/a> sous le nom de \u00ab\u00a0Merci qui? Merci Montessori !\u00a0\u00bb. Son blog a f\u00eat\u00e9 ses 12 ans en mai 2023 ! Elle a eu la gentillesse de r\u00e9pondre \u00e0 nos questions. Nous vous laissons donc d\u00e9couvrir son interview ! <\/p>\n\n\n\n<h2 class=\"has-text-color wp-block-heading\" style=\"color:#0071a1\">Son blog : un super moyen de partager ses exp\u00e9riences de Maman<\/h2>\n\n\n\n<p><\/p>\n\n\n\n<p><\/p>\n\n\n\n<h4 class=\"has-text-color wp-block-heading\" style=\"color:#d4006b\"><strong>Quel type de contenu partagez-vous sur votre blog ? <\/strong><\/h4>\n\n\n\n<p><\/p>\n\n\n\n<p style=\"font-size:19px\">J\u2019y partage mon cheminement de Maman sur la voie de la parentalit\u00e9 consciente, ainsi que les activit\u00e9s \u00e9ducatives r\u00e9alis\u00e9es avec mes enfants. Au fil des ann\u00e9es, ce blog est devenu un espace de partage qui me porte au quotidien&nbsp;!<\/p>\n\n\n\n<p><\/p>\n\n\n\n<h4 class=\"has-text-color wp-block-heading\" style=\"color:#ffcf00\"><strong>Que voulez-vous apporter aux personnes qui regardent votre contenu ?&nbsp;<\/strong><\/h4>\n\n\n\n<p><\/p>\n\n\n\n<p><\/p>\n\n\n\n<p style=\"font-size:19px\">J\u2019ai toujours eu le d\u00e9sir de partager une exp\u00e9rience concr\u00e8te. Le savoir n\u2019est rien sans exp\u00e9rience&nbsp;!&nbsp;:-)<\/p>\n\n\n\n<p style=\"font-size:19px\">Mes lecteurs et moi partageons, peu ou prou, les m\u00eames connaissances. Mais nous \u00e9prouvons le besoin de partager des exp\u00e9riences concr\u00e8tes. En gros, j\u2019essaie de ne pas \u00e9crire d\u2019articles <em>(trop)<\/em> th\u00e9oriques, mais je raconte mes essais, mes r\u00e9ussites et mes questionnements&nbsp;!<\/p>\n\n\n\n<p><\/p>\n\n\n\n<h4 class=\"has-text-color wp-block-heading\" style=\"color:#d4006b\"><strong>Pourquoi vous \u00eates-vous lanc\u00e9e ?<\/strong><\/h4>\n\n\n\n<p style=\"font-size:19px\">Je suis anim\u00e9e d\u2019un fort besoin d\u2019\u00e9crire depuis toujours. Ce d\u00e9sir a rencontr\u00e9, il y a dix ans, un petit bout de b\u00e9b\u00e9 que je ne me lassais pas d\u2019observer&nbsp;: mon premier n\u00e9&nbsp;! J\u2019ai voulu ouvrir un journal de mes observations quotidiennes concernant son d\u00e9veloppement. Mon \u00e9merveillement n\u2019a jamais tari, et j\u2019\u00e9cris tous les jours depuis le 11 mai 2011.&nbsp;:-)<\/p>\n\n\n\n<p><\/p>\n\n\n\n<p><\/p>\n\n\n\n<h2 class=\"has-text-color wp-block-heading\" style=\"color:#0071a1\">Une Maman Montessori !<\/h2>\n\n\n\n<p><\/p>\n\n\n\n<figure class=\"wp-block-image size-large\"><img decoding=\"async\" width=\"1600\" height=\"1071\" src=\"data:image\/svg+xml,%3Csvg%20xmlns%3D%27http%3A%2F%2Fwww.w3.org%2F2000%2Fsvg%27%20width%3D%271600%27%20height%3D%271071%27%20viewBox%3D%270%200%201600%201071%27%3E%3Crect%20width%3D%271600%27%20height%3D%271071%27%20fill-opacity%3D%220%22%2F%3E%3C%2Fsvg%3E\" data-orig-src=\"https:\/\/lesmartsitting.fr\/blog\/wp-content\/uploads\/2021\/03\/DSC_0072.jpg\" alt=\"un enfant fait des activit\u00e9s bas\u00e9s sur la m\u00e9thode montessori en compagnie de sa maman\" class=\"lazyload wp-image-1987\"\/><\/figure>\n\n\n\n<p><\/p>\n\n\n\n<h4 class=\"has-text-color wp-block-heading\" style=\"color:#ffcf00\"><strong>Que pensez-vous de la p\u00e9dagogie Montessori ?<\/strong><\/h4>\n\n\n\n<p style=\"font-size:19px\">Elle est n\u00e9cessaire. Les id\u00e9es de Maria Montessori sont d\u2019une importance capitale dans le monde de l\u2019enseignement, elle retourne compl\u00e8tement le syst\u00e8me de pens\u00e9e que nous avions jusqu\u2019alors. C\u2019est exactement comme d\u2019imaginer que la Terre tourne autour du Soleil, quand on a toujours cru que c\u2019\u00e9tait l\u2019inverse&nbsp;! Elle place l\u2019enfant au c\u0153ur du syst\u00e8me \u00e9ducatif, alors qu\u2019on y a toujours mis le savoir <em>(et les r\u00e9sultats).<\/em> Gr\u00e2ce \u00e0 la m\u00e9diation du mat\u00e9riel, l\u2019enfant peut acc\u00e9der directement aux connaissances sans transiter par l\u2019enseignant \u2013 qui a n\u00e9anmoins une importance capitale dans la relation, mais dont ne d\u00e9pend plus l\u2019acc\u00e8s au savoir.<\/p>\n\n\n\n<p style=\"font-size:19px\">Oui, la p\u00e9dagogie Montessori est n\u00e9cessaire \u2026 mais pas suffisante. En tant qu\u2019enseignante, je la compl\u00e8te par d\u2019autres approches. La fantaisie et le d\u00e9sordre ont une place d\u2019importance dans le processus d\u2019apprentissage, j\u2019en suis s\u00fbre&nbsp;!<\/p>\n\n\n\n<p><\/p>\n\n\n\n<h4 class=\"has-text-color wp-block-heading\" style=\"color:#d4006b\"><strong>Votre botte secr\u00e8te pour occuper vos enfants ?<\/strong><\/h4>\n\n\n\n<p><\/p>\n\n\n\n<p style=\"font-size:19px\">Oups, je n\u2019aime pas la formulation de cette question.&nbsp;:-)<\/p>\n\n\n\n<p style=\"font-size:19px\">Je \u00ab&nbsp;n\u2019occupe&nbsp;\u00bb pas les enfants. Ils se chargent fort bien d\u2019eux-m\u00eames.<\/p>\n\n\n\n<p style=\"font-size:19px\">Par contre, j\u2019adore \u00ab&nbsp;faire avec&nbsp;\u00bb eux. C\u2019est une passion&nbsp;!<\/p>\n\n\n\n<p style=\"font-size:19px\">Pas de botte secr\u00e8te, donc, mais plusieurs constats&nbsp;:<\/p>\n\n\n\n<p style=\"font-size:19px\">1. L\u2019ennui n\u2019est pas une mauvaise chose en soi, beaucoup d\u2019id\u00e9es cr\u00e9atives naissent de p\u00e9riodes de&nbsp;\u00ab&nbsp;creux&nbsp;\u00bb. Ainsi, si nos enfants s\u2019ennuient, ne cherchons pas \u00e0 les occuper \u00e0 tout prix, mais laissons-les g\u00e9rer. Ils en sont capables&nbsp;!<\/p>\n\n\n\n<p style=\"font-size:19px\">2. H\u00e9las, mes enfants s\u2019ennuient trop peu. Il y a peut-\u00eatre trop de livres \u00e0 la maison, il va peut-\u00eatre falloir que j\u2019y rem\u00e9die \u2026&nbsp;:-D<\/p>\n\n\n\n<p style=\"font-size:19px\">3. Je ne con\u00e7ois pas ma vie de m\u00e8re sans jardin&nbsp;!! Les enfants peuvent y courir, y hurler sans me rendre sourde, ils peuvent s\u2019y ressourcer et s\u2019y d\u00e9tendre\u2026 Bref, j\u2019envoie une grosse pens\u00e9e \u00e0 toutes les familles qui vivent en appartement&nbsp;! &lt;3<\/p>\n\n\n\n<figure class=\"wp-block-image size-large\"><img decoding=\"async\" width=\"1058\" height=\"706\" src=\"data:image\/svg+xml,%3Csvg%20xmlns%3D%27http%3A%2F%2Fwww.w3.org%2F2000%2Fsvg%27%20width%3D%271058%27%20height%3D%27706%27%20viewBox%3D%270%200%201058%20706%27%3E%3Crect%20width%3D%271058%27%20height%3D%27706%27%20fill-opacity%3D%220%22%2F%3E%3C%2Fsvg%3E\" data-orig-src=\"https:\/\/lesmartsitting.fr\/blog\/wp-content\/uploads\/2021\/03\/Montessori-6-12-ans-1.jpg\" alt=\"Elsa, maman fait des activit\u00e9s avec des feuilles en compagnie de ses enfants  \" class=\"lazyload wp-image-1989\"\/><\/figure>\n\n\n\n<p><\/p>\n\n\n\n<h4 class=\"has-text-color wp-block-heading\" style=\"color:#ffcf00\"><strong>Quelles sont les qualit\u00e9s indispensables chez un\/une babysitter selon vous ?<\/strong><\/h4>\n\n\n\n<p style=\"font-size:19px\">L\u2019humour&nbsp;!&nbsp;:-)<\/p>\n\n\n\n<p style=\"font-size:19px\">Associ\u00e9 \u00e0 une certaine sagesse (d\u2019ailleurs je crois que l\u2019humour est une forme de sagesse), il apporte une l\u00e9g\u00e8ret\u00e9 \u00e0 toute chose et permet de poser un cadre structurant et bienveillant sans grincement de dents.<\/p>\n\n\n\n<p><\/p>\n\n\n\n<p><\/p>\n\n\n\n<p><\/p>\n\n\n\n<p style=\"font-size:19px\">Pour finir, nous remercions chaleureusement Elsa pour cette interview. Nous lui souhaitons une tr\u00e8s belle continuation! ;)<\/p>\n\n\n\n<p style=\"font-size:19px\">D\u00e9couvrez aussi <a href=\"https:\/\/lesmartsitting.fr\/blog\/maman-instagrameuse-faeda\/\">l&rsquo;interview de Faeda<\/a>, maman instragrameuse sur notre blog. <\/p>\n","protected":false},"excerpt":{"rendered":"<p>Article mis \u00e0 jour le 30 juin 2023 Aujourd&rsquo;hui, dans  [&#8230;]<\/p>\n","protected":false},"author":1,"featured_media":1986,"comment_status":"open","ping_status":"open","sticky":false,"template":"","format":"standard","meta":{"_exactmetrics_skip_tracking":false,"_exactmetrics_sitenote_active":false,"_exactmetrics_sitenote_note":"","_exactmetrics_sitenote_category":0,"footnotes":""},"categories":[1],"tags":[],"class_list":["post-1984","post","type-post","status-publish","format-standard","has-post-thumbnail","hentry","category-non-classe"],"yoast_head":"<!-- This site is optimized with the Yoast SEO plugin v27.5 - https:\/\/yoast.com\/product\/yoast-seo-wordpress\/ -->\n<title>Maman Instagrameuse : Interview de &quot;Merci qui? Merci Montessori !&quot; |<\/title>\n<meta name=\"description\" content=\"Elsa, auteure en p\u00e9dagogie et professeure des \u00e9coles, partage sur son blog &quot;Merci qui? Merci Montessori!&quot; son quotidien de maman!\" \/>\n<meta name=\"robots\" content=\"index, follow, max-snippet:-1, max-image-preview:large, max-video-preview:-1\" \/>\n<link rel=\"canonical\" href=\"https:\/\/lesmartsitting.fr\/blog\/maman-instagrameuse-interview-de-merci-qui-merci-montessori\/\" \/>\n<meta property=\"og:locale\" content=\"fr_FR\" \/>\n<meta property=\"og:type\" content=\"article\" \/>\n<meta property=\"og:title\" content=\"Maman Instagrameuse : Interview de &quot;Merci qui? Merci Montessori !&quot; |\" \/>\n<meta property=\"og:description\" content=\"Elsa, auteure en p\u00e9dagogie et professeure des \u00e9coles, partage sur son blog &quot;Merci qui? Merci Montessori!&quot; son quotidien de maman!\" \/>\n<meta property=\"og:url\" content=\"https:\/\/lesmartsitting.fr\/blog\/maman-instagrameuse-interview-de-merci-qui-merci-montessori\/\" \/>\n<meta property=\"og:site_name\" content=\"Le blog du babysitting\" \/>\n<meta property=\"article:author\" content=\"https:\/\/www.facebook.com\/lesmartsitting\/\" \/>\n<meta property=\"article:published_time\" content=\"2021-04-28T08:00:36+00:00\" \/>\n<meta property=\"article:modified_time\" content=\"2023-06-30T13:32:24+00:00\" \/>\n<meta property=\"og:image\" content=\"https:\/\/lesmartsitting.fr\/blog\/wp-content\/uploads\/2021\/03\/DSC_1087.jpg\" \/>\n\t<meta property=\"og:image:width\" content=\"1200\" \/>\n\t<meta property=\"og:image:height\" content=\"837\" \/>\n\t<meta property=\"og:image:type\" content=\"image\/jpeg\" \/>\n<meta name=\"author\" content=\"Le Smartsitting\" \/>\n<meta name=\"twitter:card\" content=\"summary_large_image\" \/>\n<meta name=\"twitter:creator\" content=\"@https:\/\/twitter.com\/LeSmartsitting\" \/>\n<meta name=\"twitter:label1\" content=\"\u00c9crit par\" \/>\n\t<meta name=\"twitter:data1\" content=\"Le Smartsitting\" \/>\n\t<meta name=\"twitter:label2\" content=\"Dur\u00e9e de lecture estim\u00e9e\" \/>\n\t<meta name=\"twitter:data2\" content=\"4 minutes\" \/>\n<script type=\"application\/ld+json\" class=\"yoast-schema-graph\">{\"@context\":\"https:\\\/\\\/schema.org\",\"@graph\":[{\"@type\":\"Article\",\"@id\":\"https:\\\/\\\/lesmartsitting.fr\\\/blog\\\/maman-instagrameuse-interview-de-merci-qui-merci-montessori\\\/#article\",\"isPartOf\":{\"@id\":\"https:\\\/\\\/lesmartsitting.fr\\\/blog\\\/maman-instagrameuse-interview-de-merci-qui-merci-montessori\\\/\"},\"author\":{\"name\":\"Le Smartsitting\",\"@id\":\"https:\\\/\\\/lesmartsitting.fr\\\/blog\\\/#\\\/schema\\\/person\\\/d41a9461f2d255bddef49f025f963d15\"},\"headline\":\"Maman Instagrameuse : Interview de \u00ab\u00a0Merci qui? Merci Montessori !\u00a0\u00bb\",\"datePublished\":\"2021-04-28T08:00:36+00:00\",\"dateModified\":\"2023-06-30T13:32:24+00:00\",\"mainEntityOfPage\":{\"@id\":\"https:\\\/\\\/lesmartsitting.fr\\\/blog\\\/maman-instagrameuse-interview-de-merci-qui-merci-montessori\\\/\"},\"wordCount\":757,\"commentCount\":0,\"publisher\":{\"@id\":\"https:\\\/\\\/lesmartsitting.fr\\\/blog\\\/#organization\"},\"image\":{\"@id\":\"https:\\\/\\\/lesmartsitting.fr\\\/blog\\\/maman-instagrameuse-interview-de-merci-qui-merci-montessori\\\/#primaryimage\"},\"thumbnailUrl\":\"https:\\\/\\\/lesmartsitting.fr\\\/blog\\\/wp-content\\\/uploads\\\/2021\\\/03\\\/DSC_1087.jpg\",\"inLanguage\":\"fr-FR\",\"potentialAction\":[{\"@type\":\"CommentAction\",\"name\":\"Comment\",\"target\":[\"https:\\\/\\\/lesmartsitting.fr\\\/blog\\\/maman-instagrameuse-interview-de-merci-qui-merci-montessori\\\/#respond\"]}]},{\"@type\":\"WebPage\",\"@id\":\"https:\\\/\\\/lesmartsitting.fr\\\/blog\\\/maman-instagrameuse-interview-de-merci-qui-merci-montessori\\\/\",\"url\":\"https:\\\/\\\/lesmartsitting.fr\\\/blog\\\/maman-instagrameuse-interview-de-merci-qui-merci-montessori\\\/\",\"name\":\"Maman Instagrameuse : Interview de \\\"Merci qui? Merci Montessori !\\\" |\",\"isPartOf\":{\"@id\":\"https:\\\/\\\/lesmartsitting.fr\\\/blog\\\/#website\"},\"primaryImageOfPage\":{\"@id\":\"https:\\\/\\\/lesmartsitting.fr\\\/blog\\\/maman-instagrameuse-interview-de-merci-qui-merci-montessori\\\/#primaryimage\"},\"image\":{\"@id\":\"https:\\\/\\\/lesmartsitting.fr\\\/blog\\\/maman-instagrameuse-interview-de-merci-qui-merci-montessori\\\/#primaryimage\"},\"thumbnailUrl\":\"https:\\\/\\\/lesmartsitting.fr\\\/blog\\\/wp-content\\\/uploads\\\/2021\\\/03\\\/DSC_1087.jpg\",\"datePublished\":\"2021-04-28T08:00:36+00:00\",\"dateModified\":\"2023-06-30T13:32:24+00:00\",\"description\":\"Elsa, auteure en p\u00e9dagogie et professeure des \u00e9coles, partage sur son blog \\\"Merci qui? Merci Montessori!\\\" son quotidien de maman!\",\"breadcrumb\":{\"@id\":\"https:\\\/\\\/lesmartsitting.fr\\\/blog\\\/maman-instagrameuse-interview-de-merci-qui-merci-montessori\\\/#breadcrumb\"},\"inLanguage\":\"fr-FR\",\"potentialAction\":[{\"@type\":\"ReadAction\",\"target\":[\"https:\\\/\\\/lesmartsitting.fr\\\/blog\\\/maman-instagrameuse-interview-de-merci-qui-merci-montessori\\\/\"]}]},{\"@type\":\"ImageObject\",\"inLanguage\":\"fr-FR\",\"@id\":\"https:\\\/\\\/lesmartsitting.fr\\\/blog\\\/maman-instagrameuse-interview-de-merci-qui-merci-montessori\\\/#primaryimage\",\"url\":\"https:\\\/\\\/lesmartsitting.fr\\\/blog\\\/wp-content\\\/uploads\\\/2021\\\/03\\\/DSC_1087.jpg\",\"contentUrl\":\"https:\\\/\\\/lesmartsitting.fr\\\/blog\\\/wp-content\\\/uploads\\\/2021\\\/03\\\/DSC_1087.jpg\",\"width\":1200,\"height\":837},{\"@type\":\"BreadcrumbList\",\"@id\":\"https:\\\/\\\/lesmartsitting.fr\\\/blog\\\/maman-instagrameuse-interview-de-merci-qui-merci-montessori\\\/#breadcrumb\",\"itemListElement\":[{\"@type\":\"ListItem\",\"position\":1,\"name\":\"Accueil\",\"item\":\"https:\\\/\\\/lesmartsitting.fr\\\/blog\\\/\"},{\"@type\":\"ListItem\",\"position\":2,\"name\":\"Maman Instagrameuse : Interview de \u00ab\u00a0Merci qui? Merci Montessori !\u00a0\u00bb\"}]},{\"@type\":\"WebSite\",\"@id\":\"https:\\\/\\\/lesmartsitting.fr\\\/blog\\\/#website\",\"url\":\"https:\\\/\\\/lesmartsitting.fr\\\/blog\\\/\",\"name\":\"Le blog du babysitting\",\"description\":\"Le lien pour tout savoir sur les jobs \u00e9tudiants\",\"publisher\":{\"@id\":\"https:\\\/\\\/lesmartsitting.fr\\\/blog\\\/#organization\"},\"potentialAction\":[{\"@type\":\"SearchAction\",\"target\":{\"@type\":\"EntryPoint\",\"urlTemplate\":\"https:\\\/\\\/lesmartsitting.fr\\\/blog\\\/?s={search_term_string}\"},\"query-input\":{\"@type\":\"PropertyValueSpecification\",\"valueRequired\":true,\"valueName\":\"search_term_string\"}}],\"inLanguage\":\"fr-FR\"},{\"@type\":\"Organization\",\"@id\":\"https:\\\/\\\/lesmartsitting.fr\\\/blog\\\/#organization\",\"name\":\"Le Smartsitting\",\"url\":\"https:\\\/\\\/lesmartsitting.fr\\\/blog\\\/\",\"logo\":{\"@type\":\"ImageObject\",\"inLanguage\":\"fr-FR\",\"@id\":\"https:\\\/\\\/lesmartsitting.fr\\\/blog\\\/#\\\/schema\\\/logo\\\/image\\\/\",\"url\":\"https:\\\/\\\/lesmartsitting.fr\\\/blog\\\/wp-content\\\/uploads\\\/2022\\\/03\\\/logo-petit.jpg\",\"contentUrl\":\"https:\\\/\\\/lesmartsitting.fr\\\/blog\\\/wp-content\\\/uploads\\\/2022\\\/03\\\/logo-petit.jpg\",\"width\":149,\"height\":116,\"caption\":\"Le Smartsitting\"},\"image\":{\"@id\":\"https:\\\/\\\/lesmartsitting.fr\\\/blog\\\/#\\\/schema\\\/logo\\\/image\\\/\"}},{\"@type\":\"Person\",\"@id\":\"https:\\\/\\\/lesmartsitting.fr\\\/blog\\\/#\\\/schema\\\/person\\\/d41a9461f2d255bddef49f025f963d15\",\"name\":\"Le Smartsitting\",\"image\":{\"@type\":\"ImageObject\",\"inLanguage\":\"fr-FR\",\"@id\":\"https:\\\/\\\/secure.gravatar.com\\\/avatar\\\/f2f8957f1d57529cc07b81220126f25ee6029701b9703dc625b3be6acca90c9d?s=96&d=mm&r=g\",\"url\":\"https:\\\/\\\/secure.gravatar.com\\\/avatar\\\/f2f8957f1d57529cc07b81220126f25ee6029701b9703dc625b3be6acca90c9d?s=96&d=mm&r=g\",\"contentUrl\":\"https:\\\/\\\/secure.gravatar.com\\\/avatar\\\/f2f8957f1d57529cc07b81220126f25ee6029701b9703dc625b3be6acca90c9d?s=96&d=mm&r=g\",\"caption\":\"Le Smartsitting\"},\"sameAs\":[\"https:\\\/\\\/lesmartsitting.fr\\\/\",\"https:\\\/\\\/www.facebook.com\\\/lesmartsitting\\\/\",\"https:\\\/\\\/www.instagram.com\\\/lesmartsitting\\\/\",\"https:\\\/\\\/www.pinterest.fr\\\/elesmartsitting\\\/boards\\\/\",\"https:\\\/\\\/x.com\\\/https:\\\/\\\/twitter.com\\\/LeSmartsitting\",\"https:\\\/\\\/www.youtube.com\\\/channel\\\/UC6kMJHohW6816RXI8n7kvzQ\\\/\"],\"url\":\"https:\\\/\\\/lesmartsitting.fr\\\/blog\\\/author\\\/le-smartsitting\\\/\"}]}<\/script>\n<!-- \/ Yoast SEO plugin. -->","yoast_head_json":{"title":"Maman Instagrameuse : Interview de \"Merci qui? Merci Montessori !\" |","description":"Elsa, auteure en p\u00e9dagogie et professeure des \u00e9coles, partage sur son blog \"Merci qui? Merci Montessori!\" son quotidien de maman!","robots":{"index":"index","follow":"follow","max-snippet":"max-snippet:-1","max-image-preview":"max-image-preview:large","max-video-preview":"max-video-preview:-1"},"canonical":"https:\/\/lesmartsitting.fr\/blog\/maman-instagrameuse-interview-de-merci-qui-merci-montessori\/","og_locale":"fr_FR","og_type":"article","og_title":"Maman Instagrameuse : Interview de \"Merci qui? Merci Montessori !\" |","og_description":"Elsa, auteure en p\u00e9dagogie et professeure des \u00e9coles, partage sur son blog \"Merci qui? Merci Montessori!\" son quotidien de maman!","og_url":"https:\/\/lesmartsitting.fr\/blog\/maman-instagrameuse-interview-de-merci-qui-merci-montessori\/","og_site_name":"Le blog du babysitting","article_author":"https:\/\/www.facebook.com\/lesmartsitting\/","article_published_time":"2021-04-28T08:00:36+00:00","article_modified_time":"2023-06-30T13:32:24+00:00","og_image":[{"width":1200,"height":837,"url":"https:\/\/lesmartsitting.fr\/blog\/wp-content\/uploads\/2021\/03\/DSC_1087.jpg","type":"image\/jpeg"}],"author":"Le Smartsitting","twitter_card":"summary_large_image","twitter_creator":"@https:\/\/twitter.com\/LeSmartsitting","twitter_misc":{"\u00c9crit par":"Le Smartsitting","Dur\u00e9e de lecture estim\u00e9e":"4 minutes"},"schema":{"@context":"https:\/\/schema.org","@graph":[{"@type":"Article","@id":"https:\/\/lesmartsitting.fr\/blog\/maman-instagrameuse-interview-de-merci-qui-merci-montessori\/#article","isPartOf":{"@id":"https:\/\/lesmartsitting.fr\/blog\/maman-instagrameuse-interview-de-merci-qui-merci-montessori\/"},"author":{"name":"Le Smartsitting","@id":"https:\/\/lesmartsitting.fr\/blog\/#\/schema\/person\/d41a9461f2d255bddef49f025f963d15"},"headline":"Maman Instagrameuse : Interview de \u00ab\u00a0Merci qui? Merci Montessori !\u00a0\u00bb","datePublished":"2021-04-28T08:00:36+00:00","dateModified":"2023-06-30T13:32:24+00:00","mainEntityOfPage":{"@id":"https:\/\/lesmartsitting.fr\/blog\/maman-instagrameuse-interview-de-merci-qui-merci-montessori\/"},"wordCount":757,"commentCount":0,"publisher":{"@id":"https:\/\/lesmartsitting.fr\/blog\/#organization"},"image":{"@id":"https:\/\/lesmartsitting.fr\/blog\/maman-instagrameuse-interview-de-merci-qui-merci-montessori\/#primaryimage"},"thumbnailUrl":"https:\/\/lesmartsitting.fr\/blog\/wp-content\/uploads\/2021\/03\/DSC_1087.jpg","inLanguage":"fr-FR","potentialAction":[{"@type":"CommentAction","name":"Comment","target":["https:\/\/lesmartsitting.fr\/blog\/maman-instagrameuse-interview-de-merci-qui-merci-montessori\/#respond"]}]},{"@type":"WebPage","@id":"https:\/\/lesmartsitting.fr\/blog\/maman-instagrameuse-interview-de-merci-qui-merci-montessori\/","url":"https:\/\/lesmartsitting.fr\/blog\/maman-instagrameuse-interview-de-merci-qui-merci-montessori\/","name":"Maman Instagrameuse : Interview de \"Merci qui? Merci Montessori !\" |","isPartOf":{"@id":"https:\/\/lesmartsitting.fr\/blog\/#website"},"primaryImageOfPage":{"@id":"https:\/\/lesmartsitting.fr\/blog\/maman-instagrameuse-interview-de-merci-qui-merci-montessori\/#primaryimage"},"image":{"@id":"https:\/\/lesmartsitting.fr\/blog\/maman-instagrameuse-interview-de-merci-qui-merci-montessori\/#primaryimage"},"thumbnailUrl":"https:\/\/lesmartsitting.fr\/blog\/wp-content\/uploads\/2021\/03\/DSC_1087.jpg","datePublished":"2021-04-28T08:00:36+00:00","dateModified":"2023-06-30T13:32:24+00:00","description":"Elsa, auteure en p\u00e9dagogie et professeure des \u00e9coles, partage sur son blog \"Merci qui? Merci Montessori!\" son quotidien de maman!","breadcrumb":{"@id":"https:\/\/lesmartsitting.fr\/blog\/maman-instagrameuse-interview-de-merci-qui-merci-montessori\/#breadcrumb"},"inLanguage":"fr-FR","potentialAction":[{"@type":"ReadAction","target":["https:\/\/lesmartsitting.fr\/blog\/maman-instagrameuse-interview-de-merci-qui-merci-montessori\/"]}]},{"@type":"ImageObject","inLanguage":"fr-FR","@id":"https:\/\/lesmartsitting.fr\/blog\/maman-instagrameuse-interview-de-merci-qui-merci-montessori\/#primaryimage","url":"https:\/\/lesmartsitting.fr\/blog\/wp-content\/uploads\/2021\/03\/DSC_1087.jpg","contentUrl":"https:\/\/lesmartsitting.fr\/blog\/wp-content\/uploads\/2021\/03\/DSC_1087.jpg","width":1200,"height":837},{"@type":"BreadcrumbList","@id":"https:\/\/lesmartsitting.fr\/blog\/maman-instagrameuse-interview-de-merci-qui-merci-montessori\/#breadcrumb","itemListElement":[{"@type":"ListItem","position":1,"name":"Accueil","item":"https:\/\/lesmartsitting.fr\/blog\/"},{"@type":"ListItem","position":2,"name":"Maman Instagrameuse : Interview de \u00ab\u00a0Merci qui? Merci Montessori !\u00a0\u00bb"}]},{"@type":"WebSite","@id":"https:\/\/lesmartsitting.fr\/blog\/#website","url":"https:\/\/lesmartsitting.fr\/blog\/","name":"Le blog du babysitting","description":"Le lien pour tout savoir sur les jobs \u00e9tudiants","publisher":{"@id":"https:\/\/lesmartsitting.fr\/blog\/#organization"},"potentialAction":[{"@type":"SearchAction","target":{"@type":"EntryPoint","urlTemplate":"https:\/\/lesmartsitting.fr\/blog\/?s={search_term_string}"},"query-input":{"@type":"PropertyValueSpecification","valueRequired":true,"valueName":"search_term_string"}}],"inLanguage":"fr-FR"},{"@type":"Organization","@id":"https:\/\/lesmartsitting.fr\/blog\/#organization","name":"Le Smartsitting","url":"https:\/\/lesmartsitting.fr\/blog\/","logo":{"@type":"ImageObject","inLanguage":"fr-FR","@id":"https:\/\/lesmartsitting.fr\/blog\/#\/schema\/logo\/image\/","url":"https:\/\/lesmartsitting.fr\/blog\/wp-content\/uploads\/2022\/03\/logo-petit.jpg","contentUrl":"https:\/\/lesmartsitting.fr\/blog\/wp-content\/uploads\/2022\/03\/logo-petit.jpg","width":149,"height":116,"caption":"Le Smartsitting"},"image":{"@id":"https:\/\/lesmartsitting.fr\/blog\/#\/schema\/logo\/image\/"}},{"@type":"Person","@id":"https:\/\/lesmartsitting.fr\/blog\/#\/schema\/person\/d41a9461f2d255bddef49f025f963d15","name":"Le Smartsitting","image":{"@type":"ImageObject","inLanguage":"fr-FR","@id":"https:\/\/secure.gravatar.com\/avatar\/f2f8957f1d57529cc07b81220126f25ee6029701b9703dc625b3be6acca90c9d?s=96&d=mm&r=g","url":"https:\/\/secure.gravatar.com\/avatar\/f2f8957f1d57529cc07b81220126f25ee6029701b9703dc625b3be6acca90c9d?s=96&d=mm&r=g","contentUrl":"https:\/\/secure.gravatar.com\/avatar\/f2f8957f1d57529cc07b81220126f25ee6029701b9703dc625b3be6acca90c9d?s=96&d=mm&r=g","caption":"Le Smartsitting"},"sameAs":["https:\/\/lesmartsitting.fr\/","https:\/\/www.facebook.com\/lesmartsitting\/","https:\/\/www.instagram.com\/lesmartsitting\/","https:\/\/www.pinterest.fr\/elesmartsitting\/boards\/","https:\/\/x.com\/https:\/\/twitter.com\/LeSmartsitting","https:\/\/www.youtube.com\/channel\/UC6kMJHohW6816RXI8n7kvzQ\/"],"url":"https:\/\/lesmartsitting.fr\/blog\/author\/le-smartsitting\/"}]}},"_links":{"self":[{"href":"https:\/\/lesmartsitting.fr\/blog\/wp-json\/wp\/v2\/posts\/1984","targetHints":{"allow":["GET"]}}],"collection":[{"href":"https:\/\/lesmartsitting.fr\/blog\/wp-json\/wp\/v2\/posts"}],"about":[{"href":"https:\/\/lesmartsitting.fr\/blog\/wp-json\/wp\/v2\/types\/post"}],"author":[{"embeddable":true,"href":"https:\/\/lesmartsitting.fr\/blog\/wp-json\/wp\/v2\/users\/1"}],"replies":[{"embeddable":true,"href":"https:\/\/lesmartsitting.fr\/blog\/wp-json\/wp\/v2\/comments?post=1984"}],"version-history":[{"count":10,"href":"https:\/\/lesmartsitting.fr\/blog\/wp-json\/wp\/v2\/posts\/1984\/revisions"}],"predecessor-version":[{"id":2341,"href":"https:\/\/lesmartsitting.fr\/blog\/wp-json\/wp\/v2\/posts\/1984\/revisions\/2341"}],"wp:featuredmedia":[{"embeddable":true,"href":"https:\/\/lesmartsitting.fr\/blog\/wp-json\/wp\/v2\/media\/1986"}],"wp:attachment":[{"href":"https:\/\/lesmartsitting.fr\/blog\/wp-json\/wp\/v2\/media?parent=1984"}],"wp:term":[{"taxonomy":"category","embeddable":true,"href":"https:\/\/lesmartsitting.fr\/blog\/wp-json\/wp\/v2\/categories?post=1984"},{"taxonomy":"post_tag","embeddable":true,"href":"https:\/\/lesmartsitting.fr\/blog\/wp-json\/wp\/v2\/tags?post=1984"}],"curies":[{"name":"wp","href":"https:\/\/api.w.org\/{rel}","templated":true}]}}