{"id":2008,"date":"2021-04-07T10:00:00","date_gmt":"2021-04-07T08:00:00","guid":{"rendered":"https:\/\/lesmartsitting.fr\/blog\/?p=2008"},"modified":"2021-04-06T17:57:35","modified_gmt":"2021-04-06T15:57:35","slug":"dois-je-me-tourner-vers-une-ecole-montessori-pour-mon-enfant","status":"publish","type":"post","link":"https:\/\/lesmartsitting.fr\/blog\/dois-je-me-tourner-vers-une-ecole-montessori-pour-mon-enfant\/","title":{"rendered":"Dois-je me tourner vers une \u00e9cole Montessori pour mon enfant?"},"content":{"rendered":"\n<p>Jeff Bezos ? Mark Zuckerberg? Larry Page? Il y a de tr\u00e8s grandes chances que vous ayez d\u00e9j\u00e0 entendu parler de ces personnes. C\u2019est normal, elles font partie de notre quotidien avec leurs entreprises respectives: Amazon, Facebook et Google. Pourquoi sommes-nous en train de vous parler de cela? Tout simplement, car ces PDG ont baign\u00e9 dans la p\u00e9dagogie Montessori durant leur enfance et ont comme Jeff Bezos voulu contribuer au d\u00e9veloppement de cette p\u00e9dagogie par la cr\u00e9ation d\u2019une \u00e9cole Montessori.&nbsp;<\/p>\n\n\n\n<p>Alors non, nous ne sommes pas en train d\u2019imaginer qu\u2019inscrire votre enfant au sein d\u2019une \u00e9cole Montessori le poussera forc\u00e9ment \u00e0 vouloir cr\u00e9er une multinationale mais c\u2019est une mani\u00e8re de montrer l\u2019influence de cette p\u00e9dagogie dans le monde.&nbsp;<\/p>\n\n\n\n<p>Recentrons-nous sur le sujet de cet article: faut-il inscrire son enfant dans une \u00e9cole Montessori? Ce choix appartient \u00e0 chaque parent en fonction de ce qu\u2019il souhaite pour ses enfants. Au <a href=\"https:\/\/lesmartsitting.fr\/\">Smartsitting<\/a>, nous proposons par exemple des gardes d\u2019enfants cr\u00e9atives bas\u00e9es sur la m\u00e9thode Montessori favorisant son acc\u00e8s au plus grand nombre.&nbsp;<\/p>\n\n\n\n<p>Afin de vous aiguiller dans votre questionnement, nous avons interview\u00e9 Madame LEVY, directrice de <a href=\"https:\/\/prunelleschool.com\/\">Prunelle School Montessori Bilingual<\/a> pour en savoir plus sur le quotidien d\u2019une \u00e9cole Montessori. Bonne lecture!<\/p>\n\n\n\n<figure class=\"wp-block-image size-large\"><img decoding=\"async\" width=\"640\" height=\"480\" src=\"data:image\/svg+xml,%3Csvg%20xmlns%3D%27http%3A%2F%2Fwww.w3.org%2F2000%2Fsvg%27%20width%3D%27640%27%20height%3D%27480%27%20viewBox%3D%270%200%20640%20480%27%3E%3Crect%20width%3D%27640%27%20height%3D%27480%27%20fill-opacity%3D%220%22%2F%3E%3C%2Fsvg%3E\" data-orig-src=\"https:\/\/lesmartsitting.fr\/blog\/wp-content\/uploads\/2021\/04\/IMG_0782.jpg\" alt=\"Prunelle School, \u00e9cole Montessori bilingue\" class=\"lazyload wp-image-2011\"\/><\/figure>\n\n\n\n<p><\/p>\n\n\n\n<h4 class=\"wp-block-heading\"><strong>Pouvez-vous me pr\u00e9senter la p\u00e9dagogie Montessori en quelques phrases?\u00a0<\/strong><\/h4>\n\n\n\n<p><em>\u201c La p\u00e9dagogie Montessori a \u00e9t\u00e9 cr\u00e9\u00e9e par Maria Montessori. C\u2019est un type de p\u00e9dagogie alternative qui permet aux enfants d\u2019apprendre et d\u2019\u00eatre instruit en fonction de leurs besoins. Dans une classe Montessori, on a des m\u00e9langes de classe d\u2019\u00e2ge entre les \u00e9l\u00e8ves. Vous avez des classes 2-3 ans, 3-6 ans et 6-9 ans.\u00a0\u00bb<\/em><\/p>\n\n\n\n<h4 class=\"wp-block-heading\"><strong>Prunelle School Montessori est une \u00e9cole bilingue, pouvez-vous nous en dire plus?&nbsp;<\/strong><\/h4>\n\n\n\n<p><em>\u201c Prunelle School, ce sont bien 2 \u00e9coles bilingues. Une \u00e0 Levallois et une \u00e0 Puteaux. Le bilinguisme est enseign\u00e9 par des \u00e9ducateurs natifs anglophones. Donc le bilinguisme c\u2019est 50% du temps o\u00f9 l\u2019enfant sera avec un \u00e9ducateur francophone et l\u2019autre partie du temps, soit une demie journ\u00e9e avec un \u00e9ducateur anglophone. Pour nous, c\u2019est tr\u00e8s important de bien s\u00e9parer les 2 langues pour que l\u2019enfant soit concentr\u00e9 dans l\u2019apprentissage de l\u2019une et apr\u00e8s l\u2019apprentissage de l\u2019autre.\u201d<\/em><\/p>\n\n\n\n<h4 class=\"wp-block-heading\"><strong>Qu&rsquo;est-ce que \u00e7a change au quotidien ?&nbsp;<\/strong><\/h4>\n\n\n\n<p><em>\u201c Des enfants curieux, des enfants qui ont envie de s\u2019instruire, qui ont envie d\u2019aider. J\u2019ai mes propres enfants dans la structure, dans les 3 classes d\u2019\u00e2ge et on voit vraiment que ceux sont des enfants qui ont envie de comprendre, c\u2019est pas faire pour faire, c\u2019est faire pour comprendre.\u201d&nbsp;<\/em><\/p>\n\n\n\n<h4 class=\"wp-block-heading\"><strong>Comment adaptez-vous l&rsquo;enseignement ?<\/strong><\/h4>\n\n\n\n<p><em>\u201c Dans les classes Montessori, tout est \u00e0 hauteur de l\u2019enfant. C&rsquo;est-\u00e0-dire qu\u2019il y a des tables, des chaises, des armoires qui sont \u00e0 leur hauteur pour qu\u2019ils puissent utiliser leur mat\u00e9riel \u00e0 leur bon vouloir. Bien entendu, on ne peut pas utiliser le mat\u00e9riel comme on le souhaite, il faut qu\u2019il soit pr\u00e9sent\u00e9 en amont par l\u2019\u00e9ducatrice pour savoir l\u2019utiliser. Il y a une m\u00e9thode de travail aussi pour l\u2019utiliser mais c\u2019est un endroit arrang\u00e9, organis\u00e9 qui pla\u00eet aux enfants. Apr\u00e8s, il y a des coins diff\u00e9rents, la vie pratique, le sensoriel, le coin math\u00e9matique et le langage. Ensuite, les enfants vont d\u2019une aire \u00e0 une autre pour travailler.\u201d<\/em><\/p>\n\n\n\n<p><\/p>\n\n\n\n<figure class=\"wp-block-image size-large is-resized\"><img decoding=\"async\" src=\"data:image\/svg+xml,%3Csvg%20xmlns%3D%27http%3A%2F%2Fwww.w3.org%2F2000%2Fsvg%27%20width%3D%27738%27%20height%3D%27554%27%20viewBox%3D%270%200%20738%20554%27%3E%3Crect%20width%3D%27738%27%20height%3D%27554%27%20fill-opacity%3D%220%22%2F%3E%3C%2Fsvg%3E\" data-orig-src=\"https:\/\/lesmartsitting.fr\/blog\/wp-content\/uploads\/2021\/04\/IMG_2330-Compress.jpg\" alt=\"salle de classe de l'\u00e9cole Prunelle\" class=\"lazyload wp-image-2013\" width=\"738\" height=\"554\"\/><\/figure>\n\n\n\n<p><\/p>\n\n\n\n<h4 class=\"wp-block-heading\"><strong>Vous dites que tout est \u00e0 la taille de l\u2019enfant?\u00a0<\/strong><\/h4>\n\n\n\n<p><em>\u201c Oui, par exemple, on va prendre des petites th\u00e9i\u00e8res, la table \u00e0 la hauteur de l\u2019enfant ou des armoires pour que l\u2019enfant puisse r\u00e9cup\u00e9rer le mat\u00e9riel. En fait, Maria Montessori quand elle avait cr\u00e9\u00e9 ce type d\u2019\u00e9tablissement, c\u2019\u00e9tait pour des enfants qui avaient des difficult\u00e9s ou des troubles et tout \u00e9tait ferm\u00e9 aussi au niveau du mat\u00e9riel p\u00e9dagogique. Un jour, la ma\u00eetresse n\u2019\u00e9tant pas l\u00e0, ils ont ouvert les placards, ils se sont servis et apr\u00e8s elle a adapt\u00e9. C\u2019est une p\u00e9dagogie qui a beaucoup \u00e9volu\u00e9 au d\u00e9but mais qui maintenant est identique par rapport \u00e0 ce qu\u2019elle a mis en place. Si vous allez aux Etats-Unis, en Russie ou dans un autre pays, c\u2019est le m\u00eame mat\u00e9riel et la m\u00eame fa\u00e7on d\u2019enseigner. C\u2019est un mat\u00e9riel qui est immuable dans le temps.\u201d<\/em><\/p>\n\n\n\n<h4 class=\"wp-block-heading\"><strong>A partir de quel \u00e2ge est-il recommand\u00e9 d&rsquo;immerger l&rsquo;enfant dans un univers bilingue ?<\/strong><\/h4>\n\n\n\n<p><em>\u201c Le plus t\u00f4t possible. Par exp\u00e9rience, mon mari est anglophone et il a toujours parl\u00e9 \u00e0 mes enfants en anglais m\u00eame quand j\u2019\u00e9tais enceinte. Le plus t\u00f4t, le mieux.\u00a0\u00bb\u00a0<\/em><\/p>\n\n\n\n<h4 class=\"wp-block-heading\"><strong>A partir de quel \u00e2ge, un enfant peut-il aller dans une \u00e9cole Montessori?<\/strong>&nbsp;<\/h4>\n\n\n\n<p><em>\u201c Dans nos \u00e9tablissements, on commence \u00e0 partir de 2 ans.\u201d\u00a0<\/em><\/p>\n\n\n\n<h4 class=\"wp-block-heading\"><strong>Une journ\u00e9e type dans votre \u00e9cole Montessori?&nbsp;<\/strong><\/h4>\n\n\n\n<p><em>\u201c Une journ\u00e9e type, les enfants sont accueillis par leurs \u00e9ducateurs. Ils prennent du mat\u00e9riel en fonction de ce qu&rsquo;ils souhaitent faire ou ce qui est pr\u00e9vu qu\u2019ils travaillent avec l\u2019\u00e9ducatrice ou ils peuvent travailler en bin\u00f4me avec un autre enfant. Ils peuvent travailler soit sur table soit sur tapis parce que la p\u00e9dagogie Montessori n\u2019est pas statique. L\u2019enfant peut travailler debout, peut travailler assis, peut travailler en tailleur, peut \u00eatre assis \u00e0 une table. Et ensuite, il va passer d\u2019une activit\u00e9 \u00e0 une autre. Soit avec un plan de pr\u00e9sentation donc c&rsquo;est l&rsquo;apprentissage d\u2019un nouveau mat\u00e9riel ou de la r\u00e9vision puisqu\u2019il travaille par lui-m\u00eame sur quelque chose qu\u2019il conna\u00eet.<\/em><\/p>\n\n\n\n<p><em> Ensuite, on a le travail collectif avec des regroupements. Il y aura des regroupements au niveau de la philosophie. Les enfants pourront discuter d\u2019un sujet, on \u00e9coutera des histoires, des chansons, \u00e7a c\u2019est un peu le temps collectif et apr\u00e8s on reduplique \u00e7a l\u2019apr\u00e8s-midi dans la langue anglaise. Donc, il y a toujours individuel\/collectif, apr\u00e8s il y a la pause avec le repas et le temps du jardin. Ensuite, collectif\/individuel ou jardin, \u00e7a d\u00e9pend.\u00a0\u00bb<\/em>\u00a0<\/p>\n\n\n\n<p><\/p>\n\n\n\n<figure class=\"wp-block-image size-large is-resized\"><img decoding=\"async\" src=\"data:image\/svg+xml,%3Csvg%20xmlns%3D%27http%3A%2F%2Fwww.w3.org%2F2000%2Fsvg%27%20width%3D%27519%27%20height%3D%27668%27%20viewBox%3D%270%200%20519%20668%27%3E%3Crect%20width%3D%27519%27%20height%3D%27668%27%20fill-opacity%3D%220%22%2F%3E%3C%2Fsvg%3E\" data-orig-src=\"https:\/\/lesmartsitting.fr\/blog\/wp-content\/uploads\/2021\/04\/20201203_103515-min-1.jpg\" alt=\"une enfant fait des activit\u00e9s dans son \u00e9cole\" class=\"lazyload wp-image-2017\" width=\"519\" height=\"668\"\/><\/figure>\n\n\n\n<p><\/p>\n\n\n\n<h4 class=\"wp-block-heading\"><strong>Quelles sont les activit\u00e9s que vous mettez en place? En fonction des \u00e2ges?<\/strong><\/h4>\n\n\n\n<p>\u00a0\u00bb <em>C\u2019est pareil pour les 2-3 et et les 3-6 parce que c\u2019est toujours individuel\/collectif. Chez les petits, les activit\u00e9s sont plus courtes dans le temps parce que l\u2019on sait qu\u2019un enfant de 2 ans ne va pas se concentrer comme un enfant de 3, 4 ou 5 ans donc il faut changer fr\u00e9quemment d\u2019activit\u00e9.&nbsp;<\/em><\/p>\n\n\n\n<p><em>Dans la partie des 2-3 ans, il faut beaucoup d\u2019activit\u00e9s manuelles en plus de la M\u00e9thode Montessori sur des th\u00e8mes diff\u00e9rents. Actuellement, nous sommes sur le recyclage, nous avons d\u00e9j\u00e0 parl\u00e9 de l\u2019antiquit\u00e9 ou d\u2019autres th\u00e8mes diverses pour aussi \u00e9laborer le contenu. Par exemple, du mat\u00e9riel qui sera dans la classe et aussi pour leur apporter une ouverture d\u2019esprit avec des connaissances g\u00e9n\u00e9rales qu\u2019un enfant peut avoir m\u00eame jeune. On a des activit\u00e9s de musique, une fois par semaine, on peut avoir aussi des intervenants ext\u00e9rieurs. Par exemple, tous les trimestres, on change d\u2019intervenant ext\u00e9rieur. On avait fait de la musique au premier trimestre, on a ensuite fait de la capoeira et apr\u00e8s nous allons faire du sport. Ce n\u2019est pas de la p\u00e9dagogie Montessori mais \u00e7a permet aussi d\u2019\u00e9toffer et de faire d\u2019autres activit\u00e9s que le Montessori.&nbsp;<\/em><\/p>\n\n\n\n<p><em>Et apr\u00e8s en \u00e9l\u00e9mentaire, c\u2019est diff\u00e9rent, c\u2019est un choix particulier de notre \u00e9cole Prunelle de faire un m\u00e9lange Montessori\/ Education nationale. La p\u00e9dagogie Montessori c\u2019est la manipulation du mat\u00e9riel. Les enfants manipulent du mat\u00e9riel. On parle du concret \u00e0 l\u2019abstrait repr\u00e9sent\u00e9 par \u00e9crire sur son cahier, faire ses additions, une dict\u00e9e, etc. Donc pour les 6-9 ans, toute la partie \u00e9l\u00e9mentaire du CP au CM2, c\u2019est la m\u00e9thode Montessori avec tout le programme de l\u2019Education nationale, avec leurs devoirs, leurs cahiers\u2026\u201d<\/em><\/p>\n\n\n\n<h4 class=\"wp-block-heading\"><strong>En Math\u00e9matiques, comment cela se met en place chez les plus jeunes?<\/strong><\/h4>\n\n\n\n<p><em>\u201c Les enfants de 3-6 ans dans la classe Montessori ne peuvent pas tout savoir faire en 3 ans mais ils ont la capacit\u00e9 de conna\u00eetre tout le syst\u00e8me d\u00e9cimal, toutes les op\u00e9rations et savoir les utiliser. Je ne dis pas uniquement les conna\u00eetre mais il faut savoir les reproduire comme l&rsquo;addition, la soustraction, la multiplication et la division. <\/em><\/p>\n\n\n\n<p><em>Tout l\u2019apprentissage de la lecture avec le mat\u00e9riel que l\u2019on a en langage. Vous avez les fameuses r\u00e8gles rugueuses, vous avez l\u2019alphabet mobile o\u00f9 les enfants vont cr\u00e9er des lettres avec des mots qu\u2019ils vont associer pour donner leur son. Et apr\u00e8s, ce sont peut-\u00eatre des enfants qui sont lecteurs \u00e0 5 ans ou savent m\u00eame calculer. Bien s\u00fbr, un enfant peut tout savoir faire et un autre sera capable de faire seulement une partie des activit\u00e9s faites en classe. En \u00e9l\u00e9mentaire, il approfondira toutes ses bases et il d\u00e9couvrira le programme de l\u2019\u00e9l\u00e9mentaire.\u201d\u00a0<\/em><\/p>\n\n\n\n<h4 class=\"wp-block-heading\"><strong>Existe-t-il des \u00e9tablissements Montessori apr\u00e8s l\u2019\u00e9l\u00e9mentaire?&nbsp;<\/strong><\/h4>\n\n\n\n<p><em>\u201c Oui, quelques coll\u00e8ges Montessori existent mais c\u2019est rare. Nous, la plupart des enfants suivent le circuit international pour garder le bilinguisme.\u201d<\/em><\/p>\n\n\n\n<h4 class=\"wp-block-heading\"><strong>Pourquoi choisir une \u00e9cole Montessori plut\u00f4t qu\u2019une \u00e9cole traditionnelle?<\/strong><\/h4>\n\n\n\n<p><em>\u201c Alors les enfants sont dans un \u201ccocon\u201d on va dire mais on peut aussi leur apprendre \u00e9norm\u00e9ment de choses. Ils ont des capacit\u00e9s de leader qu\u2019ils peuvent d\u00e9velopper puisqu\u2019ils sont dans une ambiance o\u00f9 il y a un m\u00e9lange de classes d\u2019\u00e2ge o\u00f9 les plus grands vont pouvoir apprendre aux plus petits. Les plus petits vont recevoir le mod\u00e8le des plus grands. Nous, ce sont des petits effectifs car ils sont que 23 par classe de maternelle. En \u00e9l\u00e9mentaire, ils sont une quinzaine, en Pr\u00e9-maternelle, ils sont une quinzaine aussi donc ce sont aussi des petits effectifs de classe avec bien s\u00fbr l\u2019apprentissage de l\u2019anglais donc \u00e7a fait quand m\u00eame pas mal de points positifs que l\u2019on aurait pas du tout dans le public.\u201d<\/em>\u00a0<\/p>\n\n\n\n<p><\/p>\n\n\n\n<figure class=\"wp-block-image size-large is-resized is-style-default\"><img decoding=\"async\" src=\"data:image\/svg+xml,%3Csvg%20xmlns%3D%27http%3A%2F%2Fwww.w3.org%2F2000%2Fsvg%27%20width%3D%27615%27%20height%3D%27635%27%20viewBox%3D%270%200%20615%20635%27%3E%3Crect%20width%3D%27615%27%20height%3D%27635%27%20fill-opacity%3D%220%22%2F%3E%3C%2Fsvg%3E\" data-orig-src=\"https:\/\/lesmartsitting.fr\/blog\/wp-content\/uploads\/2021\/04\/IMG_4457-min-1.jpg\" alt=\"\" class=\"lazyload wp-image-2018\" width=\"615\" height=\"635\"\/><\/figure>\n\n\n\n<p><\/p>\n\n\n\n<h4 class=\"wp-block-heading\"><strong>Quel est le bon \u00e9tat d&rsquo;esprit pour int\u00e9grer l&rsquo;\u00e9cole ?<\/strong><\/h4>\n\n\n\n<p><em>\u201c Des parents qui sont ouverts, des enfants qui seraient contents de venir dans notre \u00e9tablissement. Nous sommes une \u00e9cole \u00e0 taille familiale, on est \u00e0 une \u00e9chelle o\u00f9 l&rsquo;on peut avoir l\u2019\u00e9quivalent de 60 \u00e0 70 enfants parce que l\u2019on a 2 lieux. Sur Levallois-Perret et \u00e0 Puteaux, on a une plus grande \u00e9cole.<\/em><\/p>\n\n\n\n<p><em> En tant que directrice, \u00e9ducateurs et autres membres du personnel, il est tr\u00e8s important de conna\u00eetre les enfants et leur famille. Par exemple, si une maman va accoucher dans 1 mois, on peut comprendre que l\u2019enfant pleure plus parce qu\u2019il sait que dans 1 mois, il va partager ses parents avec un autre enfant. Pour nous, c\u2019est tr\u00e8s important d\u2019\u00eatre proche sur cette partie l\u00e0 mais aussi par exemple si un enfant voit un orthophoniste ou un autre type de professionnel, on a plus le temps de travailler avec tout le personnel qui peut exister \u00e0 l\u2019ext\u00e9rieur de l\u2019\u00e9cole comme avec les parents.\u201d\u00a0<\/em><\/p>\n\n\n\n<h4 class=\"wp-block-heading\"><strong>Quelles sont les diff\u00e9rences de p\u00e9dagogie entre votre \u00e9cole et une autre \u00e9cole Montessori?&nbsp;<\/strong><\/h4>\n\n\n\n<p><em>\u201c Je vous dirais que g\u00e9n\u00e9ralement quand les parents nous choisissent, il vont choisir l\u2019esprit de l\u2019\u00e9cole, les parents vont venir surtout par du bouche-\u00e0-oreille ou par un r\u00e9f\u00e9rencement qu\u2019il y aura sur notre site internet. Je pense que pour les parents, c\u2019est beaucoup de contacts. Donc voil\u00e0, si le contact se passe bien et s\u2019ils ont \u00e9t\u00e9 r\u00e9f\u00e9renc\u00e9s par un parent qui est d\u00e9j\u00e0 dans l\u2019\u00e9cole. <\/em><\/p>\n\n\n\n<p><em>Pour moi, le plus important, c\u2019est le contact que l\u2019on a avec la famille lorsqu\u2019elle vient pour la premi\u00e8re fois pour les mettre \u00e0 l\u2019aise, leur expliquer comment on fonctionne, de conna\u00eetre aussi leur besoin car s\u2019ils viennent vers nous, c\u2019est qu\u2019ils ont un besoin particulier. Peut-\u00eatre qu\u2019ils ne sont pas satisfaits d\u2019un syst\u00e8me, peut-\u00eatre qu\u2019au contraire \u00e0 la maison ils font tout Montessori donc pour faire une continuit\u00e9 p\u00e9dagogique entre la famille et l\u2019\u00e9cole. Je pense que c\u2019est pour \u00e7a. Apr\u00e8s, entre nous et une autre? Pourquoi? Parce qu\u2019ils aiment Prunelle!\u201d<\/em><\/p>\n\n\n\n<h4 class=\"wp-block-heading\"><strong>Quel est le prix d\u2019une \u00e9cole Montessori?<\/strong><\/h4>\n\n\n\n<p><em>\u201c Cela varie en fonction des \u00e2ges, il faut compter entre 850 et 900\u20ac le mois hors cantine. Apr\u00e8s, il y a les frais d\u2019inscription, si vous en \u00eates \u00e0 la cantine, il y a des frais de repas avec le traiteur qui est bio. Ou les parents peuvent ramener des \u201clunch box\u201d donc apr\u00e8s le co\u00fbt est l\u00e9g\u00e8rement diff\u00e9rent mais annuellement hors frais de cantine c\u2019est 9000\u20ac \u00e0 peu pr\u00e8s.\u201d<\/em><\/p>\n\n\n\n<h4 class=\"wp-block-heading\"><strong>Apr\u00e8s l\u2019\u00e9cole, que recommandez-vous ?<\/strong><\/h4>\n\n\n\n<p><em>\u201c Nous avons un partenariat avec un centre de langues qui loue nos locaux et qui s\u2019occupe de toute la partie p\u00e9riscolaire pendant les vacances scolaires et les cours d\u2019anglais du mercredi, donc \u00e7a s\u2019est ouvert \u00e0 tous. Par contre, pour la question si les parents doivent continuer l\u2019anglais \u00e0 la maison, si les parents ne sont pas bilingues, il n\u2019y a pas d\u2019int\u00e9r\u00eat \u00e0 parler anglais \u00e0 la maison, si ce n\u2019est pas votre langue natale. Mais si par contre les parents peuvent acheter des imagiers en anglais, regarder des cartoons faits en anglais, \u00e7a permet \u00e0 l\u2019enfant d\u2019\u00eatre exposer \u00e0 la langue anglaise.\u201d&nbsp;<\/em><\/p>\n\n\n\n<p><\/p>\n\n\n\n<p><\/p>\n\n\n\n<p>A travers cette interview, vous avez eu la possibilit\u00e9 d\u2019en savoir plus sur le quotidien d\u2019une \u00e9cole Montessori. Nous tenons \u00e0 remercier chaleureusement Madame LEVY pour cette interview et pour l\u2019envoi des photos prises au sein de son \u00e9cole.&nbsp;Vous souhaitez en savoir plus sur les diff\u00e9rentes \u00e9coles Montessori \u00e0 Paris? N\u2019h\u00e9sitez pas \u00e0 consulter notre article \u201c<a href=\"https:\/\/lesmartsitting.fr\/blog\/ecoles-montessori-a-paris-laquelle-choisir\/\">Ecoles Montessori \u00e0 Paris: laquelle choisir ?<\/a>\u201d!&nbsp;<\/p>\n\n\n\n<p><br>Si vous d\u00e9sirez avoir une premi\u00e8re approche de la p\u00e9dagogie Montessori avant de sauter le pas vers une \u00e9cole Montessori, rejoignez-nous au <a href=\"https:\/\/lesmartsitting.fr\/\">Smartsitting<\/a> ! Vos enfants seront gard\u00e9s par notre communaut\u00e9 d\u2019\u00e9tudiants passionn\u00e9s, form\u00e9e \u00e0 la p\u00e9dagogie Montessori et d\u00e9sireuse de transmettre des choses diff\u00e9rentes de celles apprises \u00e0 l\u2019\u00e9cole ;)<\/p>\n","protected":false},"excerpt":{"rendered":"<p>Jeff Bezos ? Mark Zuckerberg? Larry Page? Il y a  [&#8230;]<\/p>\n","protected":false},"author":1,"featured_media":2009,"comment_status":"open","ping_status":"open","sticky":false,"template":"","format":"standard","meta":{"_exactmetrics_skip_tracking":false,"_exactmetrics_sitenote_active":false,"_exactmetrics_sitenote_note":"","_exactmetrics_sitenote_category":0,"footnotes":""},"categories":[9],"tags":[],"class_list":["post-2008","post","type-post","status-publish","format-standard","has-post-thumbnail","hentry","category-parent-bienveillant"],"yoast_head":"<!-- This site is optimized with the Yoast SEO plugin v27.5 - https:\/\/yoast.com\/product\/yoast-seo-wordpress\/ -->\n<title>Dois-je me tourner vers une \u00e9cole Montessori pour mon enfant? |<\/title>\n<meta name=\"description\" content=\"Facebook, Google ? Pourquoi nous parlons-vous de ces entreprises? Car ces PDG ont baign\u00e9 dans la p\u00e9dagogie Montessori depuis l&#039;\u00e9cole !\" \/>\n<meta name=\"robots\" content=\"index, follow, max-snippet:-1, max-image-preview:large, max-video-preview:-1\" \/>\n<link rel=\"canonical\" href=\"https:\/\/lesmartsitting.fr\/blog\/dois-je-me-tourner-vers-une-ecole-montessori-pour-mon-enfant\/\" \/>\n<meta property=\"og:locale\" content=\"fr_FR\" \/>\n<meta property=\"og:type\" content=\"article\" \/>\n<meta property=\"og:title\" content=\"Dois-je me tourner vers une \u00e9cole Montessori pour mon enfant? |\" \/>\n<meta property=\"og:description\" content=\"Facebook, Google ? Pourquoi nous parlons-vous de ces entreprises? Car ces PDG ont baign\u00e9 dans la p\u00e9dagogie Montessori depuis l&#039;\u00e9cole !\" \/>\n<meta property=\"og:url\" content=\"https:\/\/lesmartsitting.fr\/blog\/dois-je-me-tourner-vers-une-ecole-montessori-pour-mon-enfant\/\" \/>\n<meta property=\"og:site_name\" content=\"Le blog du babysitting\" \/>\n<meta property=\"article:author\" content=\"https:\/\/www.facebook.com\/lesmartsitting\/\" \/>\n<meta property=\"article:published_time\" content=\"2021-04-07T08:00:00+00:00\" \/>\n<meta property=\"og:image\" content=\"https:\/\/lesmartsitting.fr\/blog\/wp-content\/uploads\/2021\/04\/IMG_5509-min.jpg\" \/>\n\t<meta property=\"og:image:width\" content=\"6000\" \/>\n\t<meta property=\"og:image:height\" content=\"4000\" \/>\n\t<meta property=\"og:image:type\" content=\"image\/jpeg\" \/>\n<meta name=\"author\" content=\"Le Smartsitting\" \/>\n<meta name=\"twitter:card\" content=\"summary_large_image\" \/>\n<meta name=\"twitter:creator\" content=\"@https:\/\/twitter.com\/LeSmartsitting\" \/>\n<meta name=\"twitter:label1\" content=\"\u00c9crit par\" \/>\n\t<meta name=\"twitter:data1\" content=\"Le Smartsitting\" \/>\n\t<meta name=\"twitter:label2\" content=\"Dur\u00e9e de lecture estim\u00e9e\" \/>\n\t<meta name=\"twitter:data2\" content=\"12 minutes\" \/>\n<script type=\"application\/ld+json\" class=\"yoast-schema-graph\">{\"@context\":\"https:\\\/\\\/schema.org\",\"@graph\":[{\"@type\":\"Article\",\"@id\":\"https:\\\/\\\/lesmartsitting.fr\\\/blog\\\/dois-je-me-tourner-vers-une-ecole-montessori-pour-mon-enfant\\\/#article\",\"isPartOf\":{\"@id\":\"https:\\\/\\\/lesmartsitting.fr\\\/blog\\\/dois-je-me-tourner-vers-une-ecole-montessori-pour-mon-enfant\\\/\"},\"author\":{\"name\":\"Le Smartsitting\",\"@id\":\"https:\\\/\\\/lesmartsitting.fr\\\/blog\\\/#\\\/schema\\\/person\\\/d41a9461f2d255bddef49f025f963d15\"},\"headline\":\"Dois-je me tourner vers une \u00e9cole Montessori pour mon enfant?\",\"datePublished\":\"2021-04-07T08:00:00+00:00\",\"mainEntityOfPage\":{\"@id\":\"https:\\\/\\\/lesmartsitting.fr\\\/blog\\\/dois-je-me-tourner-vers-une-ecole-montessori-pour-mon-enfant\\\/\"},\"wordCount\":2456,\"commentCount\":0,\"publisher\":{\"@id\":\"https:\\\/\\\/lesmartsitting.fr\\\/blog\\\/#organization\"},\"image\":{\"@id\":\"https:\\\/\\\/lesmartsitting.fr\\\/blog\\\/dois-je-me-tourner-vers-une-ecole-montessori-pour-mon-enfant\\\/#primaryimage\"},\"thumbnailUrl\":\"https:\\\/\\\/lesmartsitting.fr\\\/blog\\\/wp-content\\\/uploads\\\/2021\\\/04\\\/IMG_5509-min.jpg\",\"articleSection\":[\"Parent bienveillant\"],\"inLanguage\":\"fr-FR\",\"potentialAction\":[{\"@type\":\"CommentAction\",\"name\":\"Comment\",\"target\":[\"https:\\\/\\\/lesmartsitting.fr\\\/blog\\\/dois-je-me-tourner-vers-une-ecole-montessori-pour-mon-enfant\\\/#respond\"]}]},{\"@type\":\"WebPage\",\"@id\":\"https:\\\/\\\/lesmartsitting.fr\\\/blog\\\/dois-je-me-tourner-vers-une-ecole-montessori-pour-mon-enfant\\\/\",\"url\":\"https:\\\/\\\/lesmartsitting.fr\\\/blog\\\/dois-je-me-tourner-vers-une-ecole-montessori-pour-mon-enfant\\\/\",\"name\":\"Dois-je me tourner vers une \u00e9cole Montessori pour mon enfant? |\",\"isPartOf\":{\"@id\":\"https:\\\/\\\/lesmartsitting.fr\\\/blog\\\/#website\"},\"primaryImageOfPage\":{\"@id\":\"https:\\\/\\\/lesmartsitting.fr\\\/blog\\\/dois-je-me-tourner-vers-une-ecole-montessori-pour-mon-enfant\\\/#primaryimage\"},\"image\":{\"@id\":\"https:\\\/\\\/lesmartsitting.fr\\\/blog\\\/dois-je-me-tourner-vers-une-ecole-montessori-pour-mon-enfant\\\/#primaryimage\"},\"thumbnailUrl\":\"https:\\\/\\\/lesmartsitting.fr\\\/blog\\\/wp-content\\\/uploads\\\/2021\\\/04\\\/IMG_5509-min.jpg\",\"datePublished\":\"2021-04-07T08:00:00+00:00\",\"description\":\"Facebook, Google ? Pourquoi nous parlons-vous de ces entreprises? Car ces PDG ont baign\u00e9 dans la p\u00e9dagogie Montessori depuis l'\u00e9cole !\",\"breadcrumb\":{\"@id\":\"https:\\\/\\\/lesmartsitting.fr\\\/blog\\\/dois-je-me-tourner-vers-une-ecole-montessori-pour-mon-enfant\\\/#breadcrumb\"},\"inLanguage\":\"fr-FR\",\"potentialAction\":[{\"@type\":\"ReadAction\",\"target\":[\"https:\\\/\\\/lesmartsitting.fr\\\/blog\\\/dois-je-me-tourner-vers-une-ecole-montessori-pour-mon-enfant\\\/\"]}]},{\"@type\":\"ImageObject\",\"inLanguage\":\"fr-FR\",\"@id\":\"https:\\\/\\\/lesmartsitting.fr\\\/blog\\\/dois-je-me-tourner-vers-une-ecole-montessori-pour-mon-enfant\\\/#primaryimage\",\"url\":\"https:\\\/\\\/lesmartsitting.fr\\\/blog\\\/wp-content\\\/uploads\\\/2021\\\/04\\\/IMG_5509-min.jpg\",\"contentUrl\":\"https:\\\/\\\/lesmartsitting.fr\\\/blog\\\/wp-content\\\/uploads\\\/2021\\\/04\\\/IMG_5509-min.jpg\",\"width\":6000,\"height\":4000},{\"@type\":\"BreadcrumbList\",\"@id\":\"https:\\\/\\\/lesmartsitting.fr\\\/blog\\\/dois-je-me-tourner-vers-une-ecole-montessori-pour-mon-enfant\\\/#breadcrumb\",\"itemListElement\":[{\"@type\":\"ListItem\",\"position\":1,\"name\":\"Accueil\",\"item\":\"https:\\\/\\\/lesmartsitting.fr\\\/blog\\\/\"},{\"@type\":\"ListItem\",\"position\":2,\"name\":\"Dois-je me tourner vers une \u00e9cole Montessori pour mon enfant?\"}]},{\"@type\":\"WebSite\",\"@id\":\"https:\\\/\\\/lesmartsitting.fr\\\/blog\\\/#website\",\"url\":\"https:\\\/\\\/lesmartsitting.fr\\\/blog\\\/\",\"name\":\"Le blog du babysitting\",\"description\":\"Le lien pour tout savoir sur les jobs \u00e9tudiants\",\"publisher\":{\"@id\":\"https:\\\/\\\/lesmartsitting.fr\\\/blog\\\/#organization\"},\"potentialAction\":[{\"@type\":\"SearchAction\",\"target\":{\"@type\":\"EntryPoint\",\"urlTemplate\":\"https:\\\/\\\/lesmartsitting.fr\\\/blog\\\/?s={search_term_string}\"},\"query-input\":{\"@type\":\"PropertyValueSpecification\",\"valueRequired\":true,\"valueName\":\"search_term_string\"}}],\"inLanguage\":\"fr-FR\"},{\"@type\":\"Organization\",\"@id\":\"https:\\\/\\\/lesmartsitting.fr\\\/blog\\\/#organization\",\"name\":\"Le Smartsitting\",\"url\":\"https:\\\/\\\/lesmartsitting.fr\\\/blog\\\/\",\"logo\":{\"@type\":\"ImageObject\",\"inLanguage\":\"fr-FR\",\"@id\":\"https:\\\/\\\/lesmartsitting.fr\\\/blog\\\/#\\\/schema\\\/logo\\\/image\\\/\",\"url\":\"https:\\\/\\\/lesmartsitting.fr\\\/blog\\\/wp-content\\\/uploads\\\/2022\\\/03\\\/logo-petit.jpg\",\"contentUrl\":\"https:\\\/\\\/lesmartsitting.fr\\\/blog\\\/wp-content\\\/uploads\\\/2022\\\/03\\\/logo-petit.jpg\",\"width\":149,\"height\":116,\"caption\":\"Le Smartsitting\"},\"image\":{\"@id\":\"https:\\\/\\\/lesmartsitting.fr\\\/blog\\\/#\\\/schema\\\/logo\\\/image\\\/\"}},{\"@type\":\"Person\",\"@id\":\"https:\\\/\\\/lesmartsitting.fr\\\/blog\\\/#\\\/schema\\\/person\\\/d41a9461f2d255bddef49f025f963d15\",\"name\":\"Le Smartsitting\",\"image\":{\"@type\":\"ImageObject\",\"inLanguage\":\"fr-FR\",\"@id\":\"https:\\\/\\\/secure.gravatar.com\\\/avatar\\\/f2f8957f1d57529cc07b81220126f25ee6029701b9703dc625b3be6acca90c9d?s=96&d=mm&r=g\",\"url\":\"https:\\\/\\\/secure.gravatar.com\\\/avatar\\\/f2f8957f1d57529cc07b81220126f25ee6029701b9703dc625b3be6acca90c9d?s=96&d=mm&r=g\",\"contentUrl\":\"https:\\\/\\\/secure.gravatar.com\\\/avatar\\\/f2f8957f1d57529cc07b81220126f25ee6029701b9703dc625b3be6acca90c9d?s=96&d=mm&r=g\",\"caption\":\"Le Smartsitting\"},\"sameAs\":[\"https:\\\/\\\/lesmartsitting.fr\\\/\",\"https:\\\/\\\/www.facebook.com\\\/lesmartsitting\\\/\",\"https:\\\/\\\/www.instagram.com\\\/lesmartsitting\\\/\",\"https:\\\/\\\/www.pinterest.fr\\\/elesmartsitting\\\/boards\\\/\",\"https:\\\/\\\/x.com\\\/https:\\\/\\\/twitter.com\\\/LeSmartsitting\",\"https:\\\/\\\/www.youtube.com\\\/channel\\\/UC6kMJHohW6816RXI8n7kvzQ\\\/\"],\"url\":\"https:\\\/\\\/lesmartsitting.fr\\\/blog\\\/author\\\/le-smartsitting\\\/\"}]}<\/script>\n<!-- \/ Yoast SEO plugin. -->","yoast_head_json":{"title":"Dois-je me tourner vers une \u00e9cole Montessori pour mon enfant? |","description":"Facebook, Google ? Pourquoi nous parlons-vous de ces entreprises? Car ces PDG ont baign\u00e9 dans la p\u00e9dagogie Montessori depuis l'\u00e9cole !","robots":{"index":"index","follow":"follow","max-snippet":"max-snippet:-1","max-image-preview":"max-image-preview:large","max-video-preview":"max-video-preview:-1"},"canonical":"https:\/\/lesmartsitting.fr\/blog\/dois-je-me-tourner-vers-une-ecole-montessori-pour-mon-enfant\/","og_locale":"fr_FR","og_type":"article","og_title":"Dois-je me tourner vers une \u00e9cole Montessori pour mon enfant? |","og_description":"Facebook, Google ? Pourquoi nous parlons-vous de ces entreprises? Car ces PDG ont baign\u00e9 dans la p\u00e9dagogie Montessori depuis l'\u00e9cole !","og_url":"https:\/\/lesmartsitting.fr\/blog\/dois-je-me-tourner-vers-une-ecole-montessori-pour-mon-enfant\/","og_site_name":"Le blog du babysitting","article_author":"https:\/\/www.facebook.com\/lesmartsitting\/","article_published_time":"2021-04-07T08:00:00+00:00","og_image":[{"width":6000,"height":4000,"url":"https:\/\/lesmartsitting.fr\/blog\/wp-content\/uploads\/2021\/04\/IMG_5509-min.jpg","type":"image\/jpeg"}],"author":"Le Smartsitting","twitter_card":"summary_large_image","twitter_creator":"@https:\/\/twitter.com\/LeSmartsitting","twitter_misc":{"\u00c9crit par":"Le Smartsitting","Dur\u00e9e de lecture estim\u00e9e":"12 minutes"},"schema":{"@context":"https:\/\/schema.org","@graph":[{"@type":"Article","@id":"https:\/\/lesmartsitting.fr\/blog\/dois-je-me-tourner-vers-une-ecole-montessori-pour-mon-enfant\/#article","isPartOf":{"@id":"https:\/\/lesmartsitting.fr\/blog\/dois-je-me-tourner-vers-une-ecole-montessori-pour-mon-enfant\/"},"author":{"name":"Le Smartsitting","@id":"https:\/\/lesmartsitting.fr\/blog\/#\/schema\/person\/d41a9461f2d255bddef49f025f963d15"},"headline":"Dois-je me tourner vers une \u00e9cole Montessori pour mon enfant?","datePublished":"2021-04-07T08:00:00+00:00","mainEntityOfPage":{"@id":"https:\/\/lesmartsitting.fr\/blog\/dois-je-me-tourner-vers-une-ecole-montessori-pour-mon-enfant\/"},"wordCount":2456,"commentCount":0,"publisher":{"@id":"https:\/\/lesmartsitting.fr\/blog\/#organization"},"image":{"@id":"https:\/\/lesmartsitting.fr\/blog\/dois-je-me-tourner-vers-une-ecole-montessori-pour-mon-enfant\/#primaryimage"},"thumbnailUrl":"https:\/\/lesmartsitting.fr\/blog\/wp-content\/uploads\/2021\/04\/IMG_5509-min.jpg","articleSection":["Parent bienveillant"],"inLanguage":"fr-FR","potentialAction":[{"@type":"CommentAction","name":"Comment","target":["https:\/\/lesmartsitting.fr\/blog\/dois-je-me-tourner-vers-une-ecole-montessori-pour-mon-enfant\/#respond"]}]},{"@type":"WebPage","@id":"https:\/\/lesmartsitting.fr\/blog\/dois-je-me-tourner-vers-une-ecole-montessori-pour-mon-enfant\/","url":"https:\/\/lesmartsitting.fr\/blog\/dois-je-me-tourner-vers-une-ecole-montessori-pour-mon-enfant\/","name":"Dois-je me tourner vers une \u00e9cole Montessori pour mon enfant? |","isPartOf":{"@id":"https:\/\/lesmartsitting.fr\/blog\/#website"},"primaryImageOfPage":{"@id":"https:\/\/lesmartsitting.fr\/blog\/dois-je-me-tourner-vers-une-ecole-montessori-pour-mon-enfant\/#primaryimage"},"image":{"@id":"https:\/\/lesmartsitting.fr\/blog\/dois-je-me-tourner-vers-une-ecole-montessori-pour-mon-enfant\/#primaryimage"},"thumbnailUrl":"https:\/\/lesmartsitting.fr\/blog\/wp-content\/uploads\/2021\/04\/IMG_5509-min.jpg","datePublished":"2021-04-07T08:00:00+00:00","description":"Facebook, Google ? Pourquoi nous parlons-vous de ces entreprises? Car ces PDG ont baign\u00e9 dans la p\u00e9dagogie Montessori depuis l'\u00e9cole !","breadcrumb":{"@id":"https:\/\/lesmartsitting.fr\/blog\/dois-je-me-tourner-vers-une-ecole-montessori-pour-mon-enfant\/#breadcrumb"},"inLanguage":"fr-FR","potentialAction":[{"@type":"ReadAction","target":["https:\/\/lesmartsitting.fr\/blog\/dois-je-me-tourner-vers-une-ecole-montessori-pour-mon-enfant\/"]}]},{"@type":"ImageObject","inLanguage":"fr-FR","@id":"https:\/\/lesmartsitting.fr\/blog\/dois-je-me-tourner-vers-une-ecole-montessori-pour-mon-enfant\/#primaryimage","url":"https:\/\/lesmartsitting.fr\/blog\/wp-content\/uploads\/2021\/04\/IMG_5509-min.jpg","contentUrl":"https:\/\/lesmartsitting.fr\/blog\/wp-content\/uploads\/2021\/04\/IMG_5509-min.jpg","width":6000,"height":4000},{"@type":"BreadcrumbList","@id":"https:\/\/lesmartsitting.fr\/blog\/dois-je-me-tourner-vers-une-ecole-montessori-pour-mon-enfant\/#breadcrumb","itemListElement":[{"@type":"ListItem","position":1,"name":"Accueil","item":"https:\/\/lesmartsitting.fr\/blog\/"},{"@type":"ListItem","position":2,"name":"Dois-je me tourner vers une \u00e9cole Montessori pour mon enfant?"}]},{"@type":"WebSite","@id":"https:\/\/lesmartsitting.fr\/blog\/#website","url":"https:\/\/lesmartsitting.fr\/blog\/","name":"Le blog du babysitting","description":"Le lien pour tout savoir sur les jobs \u00e9tudiants","publisher":{"@id":"https:\/\/lesmartsitting.fr\/blog\/#organization"},"potentialAction":[{"@type":"SearchAction","target":{"@type":"EntryPoint","urlTemplate":"https:\/\/lesmartsitting.fr\/blog\/?s={search_term_string}"},"query-input":{"@type":"PropertyValueSpecification","valueRequired":true,"valueName":"search_term_string"}}],"inLanguage":"fr-FR"},{"@type":"Organization","@id":"https:\/\/lesmartsitting.fr\/blog\/#organization","name":"Le Smartsitting","url":"https:\/\/lesmartsitting.fr\/blog\/","logo":{"@type":"ImageObject","inLanguage":"fr-FR","@id":"https:\/\/lesmartsitting.fr\/blog\/#\/schema\/logo\/image\/","url":"https:\/\/lesmartsitting.fr\/blog\/wp-content\/uploads\/2022\/03\/logo-petit.jpg","contentUrl":"https:\/\/lesmartsitting.fr\/blog\/wp-content\/uploads\/2022\/03\/logo-petit.jpg","width":149,"height":116,"caption":"Le Smartsitting"},"image":{"@id":"https:\/\/lesmartsitting.fr\/blog\/#\/schema\/logo\/image\/"}},{"@type":"Person","@id":"https:\/\/lesmartsitting.fr\/blog\/#\/schema\/person\/d41a9461f2d255bddef49f025f963d15","name":"Le Smartsitting","image":{"@type":"ImageObject","inLanguage":"fr-FR","@id":"https:\/\/secure.gravatar.com\/avatar\/f2f8957f1d57529cc07b81220126f25ee6029701b9703dc625b3be6acca90c9d?s=96&d=mm&r=g","url":"https:\/\/secure.gravatar.com\/avatar\/f2f8957f1d57529cc07b81220126f25ee6029701b9703dc625b3be6acca90c9d?s=96&d=mm&r=g","contentUrl":"https:\/\/secure.gravatar.com\/avatar\/f2f8957f1d57529cc07b81220126f25ee6029701b9703dc625b3be6acca90c9d?s=96&d=mm&r=g","caption":"Le Smartsitting"},"sameAs":["https:\/\/lesmartsitting.fr\/","https:\/\/www.facebook.com\/lesmartsitting\/","https:\/\/www.instagram.com\/lesmartsitting\/","https:\/\/www.pinterest.fr\/elesmartsitting\/boards\/","https:\/\/x.com\/https:\/\/twitter.com\/LeSmartsitting","https:\/\/www.youtube.com\/channel\/UC6kMJHohW6816RXI8n7kvzQ\/"],"url":"https:\/\/lesmartsitting.fr\/blog\/author\/le-smartsitting\/"}]}},"_links":{"self":[{"href":"https:\/\/lesmartsitting.fr\/blog\/wp-json\/wp\/v2\/posts\/2008","targetHints":{"allow":["GET"]}}],"collection":[{"href":"https:\/\/lesmartsitting.fr\/blog\/wp-json\/wp\/v2\/posts"}],"about":[{"href":"https:\/\/lesmartsitting.fr\/blog\/wp-json\/wp\/v2\/types\/post"}],"author":[{"embeddable":true,"href":"https:\/\/lesmartsitting.fr\/blog\/wp-json\/wp\/v2\/users\/1"}],"replies":[{"embeddable":true,"href":"https:\/\/lesmartsitting.fr\/blog\/wp-json\/wp\/v2\/comments?post=2008"}],"version-history":[{"count":10,"href":"https:\/\/lesmartsitting.fr\/blog\/wp-json\/wp\/v2\/posts\/2008\/revisions"}],"predecessor-version":[{"id":2344,"href":"https:\/\/lesmartsitting.fr\/blog\/wp-json\/wp\/v2\/posts\/2008\/revisions\/2344"}],"wp:featuredmedia":[{"embeddable":true,"href":"https:\/\/lesmartsitting.fr\/blog\/wp-json\/wp\/v2\/media\/2009"}],"wp:attachment":[{"href":"https:\/\/lesmartsitting.fr\/blog\/wp-json\/wp\/v2\/media?parent=2008"}],"wp:term":[{"taxonomy":"category","embeddable":true,"href":"https:\/\/lesmartsitting.fr\/blog\/wp-json\/wp\/v2\/categories?post=2008"},{"taxonomy":"post_tag","embeddable":true,"href":"https:\/\/lesmartsitting.fr\/blog\/wp-json\/wp\/v2\/tags?post=2008"}],"curies":[{"name":"wp","href":"https:\/\/api.w.org\/{rel}","templated":true}]}}